{"id":10985,"date":"2025-04-09T11:46:34","date_gmt":"2025-04-09T09:46:34","guid":{"rendered":"https:\/\/belectric.com\/?p=10985"},"modified":"2025-04-09T11:55:38","modified_gmt":"2025-04-09T09:55:38","slug":"das-eeg-wird-25-%f0%9f%8e%89-aber-was-hat-das-gesetz-bewirkt-%f0%9f%a4%94","status":"publish","type":"post","link":"https:\/\/belectric.com\/de\/das-eeg-wird-25-%f0%9f%8e%89-aber-was-hat-das-gesetz-bewirkt-%f0%9f%a4%94\/","title":{"rendered":"Das EEG wird 25! \ud83c\udf89 Aber was hat das Gesetz bewirkt? \ud83e\udd14"},"content":{"rendered":"\n<p>Im April 2000 hat Deutschland das Erneuerbare-Energien-Gesetz (EEG) beschlossen. Es zielt darauf ab, den Ausbau der Erneuerbaren Energien zu f\u00f6rdern \u2013 eine Entwicklung, die wir bei BELECTRIC von Beginn an miterlebt haben.<\/p>\n\n\n\n<p>Klickt euch durch, um herauszufinden, was das EEG in seinem 25-j\u00e4hrigen Bestehen bewirkt hat! \ud83d\udc40<\/p>\n\n\n\n<figure class=\"wp-block-image size-large\"><img loading=\"lazy\" decoding=\"async\" width=\"819\" height=\"1024\" src=\"https:\/\/belectric.com\/wp-content\/uploads\/2025\/04\/250409_DE_25-Jahre-EEG-819x1024.jpg\" alt=\"\" class=\"wp-image-10896\" srcset=\"https:\/\/belectric.com\/wp-content\/uploads\/2025\/04\/250409_DE_25-Jahre-EEG-819x1024.jpg 819w, https:\/\/belectric.com\/wp-content\/uploads\/2025\/04\/250409_DE_25-Jahre-EEG-240x300.jpg 240w, https:\/\/belectric.com\/wp-content\/uploads\/2025\/04\/250409_DE_25-Jahre-EEG-768x960.jpg 768w, https:\/\/belectric.com\/wp-content\/uploads\/2025\/04\/250409_DE_25-Jahre-EEG-1229x1536.jpg 1229w, https:\/\/belectric.com\/wp-content\/uploads\/2025\/04\/250409_DE_25-Jahre-EEG-1638x2048.jpg 1638w, https:\/\/belectric.com\/wp-content\/uploads\/2025\/04\/250409_DE_25-Jahre-EEG-scaled.jpg 2048w\" sizes=\"auto, (max-width: 819px) 100vw, 819px\" \/><\/figure>\n\n\n\n<figure class=\"wp-block-image size-large\"><img loading=\"lazy\" decoding=\"async\" width=\"819\" height=\"1024\" src=\"https:\/\/belectric.com\/wp-content\/uploads\/2025\/04\/250409_DE_25-Jahre-EEG2-819x1024.jpg\" alt=\"\" class=\"wp-image-10902\" srcset=\"https:\/\/belectric.com\/wp-content\/uploads\/2025\/04\/250409_DE_25-Jahre-EEG2-819x1024.jpg 819w, https:\/\/belectric.com\/wp-content\/uploads\/2025\/04\/250409_DE_25-Jahre-EEG2-240x300.jpg 240w, https:\/\/belectric.com\/wp-content\/uploads\/2025\/04\/250409_DE_25-Jahre-EEG2-768x960.jpg 768w, https:\/\/belectric.com\/wp-content\/uploads\/2025\/04\/250409_DE_25-Jahre-EEG2-1229x1536.jpg 1229w, https:\/\/belectric.com\/wp-content\/uploads\/2025\/04\/250409_DE_25-Jahre-EEG2-1638x2048.jpg 1638w, https:\/\/belectric.com\/wp-content\/uploads\/2025\/04\/250409_DE_25-Jahre-EEG2-scaled.jpg 2048w\" sizes=\"auto, (max-width: 819px) 100vw, 819px\" \/><\/figure>\n\n\n\n<figure class=\"wp-block-image size-large\"><img loading=\"lazy\" decoding=\"async\" width=\"819\" height=\"1024\" src=\"https:\/\/belectric.com\/wp-content\/uploads\/2025\/04\/250409_DE_25-Jahre-EEG3-819x1024.jpg\" alt=\"\" class=\"wp-image-10908\" srcset=\"https:\/\/belectric.com\/wp-content\/uploads\/2025\/04\/250409_DE_25-Jahre-EEG3-819x1024.jpg 819w, https:\/\/belectric.com\/wp-content\/uploads\/2025\/04\/250409_DE_25-Jahre-EEG3-240x300.jpg 240w, https:\/\/belectric.com\/wp-content\/uploads\/2025\/04\/250409_DE_25-Jahre-EEG3-768x960.jpg 768w, https:\/\/belectric.com\/wp-content\/uploads\/2025\/04\/250409_DE_25-Jahre-EEG3-1229x1536.jpg 1229w, https:\/\/belectric.com\/wp-content\/uploads\/2025\/04\/250409_DE_25-Jahre-EEG3-1638x2048.jpg 1638w, https:\/\/belectric.com\/wp-content\/uploads\/2025\/04\/250409_DE_25-Jahre-EEG3-scaled.jpg 2048w\" sizes=\"auto, (max-width: 819px) 100vw, 819px\" \/><\/figure>\n\n\n\n<figure class=\"wp-block-image size-large\"><img loading=\"lazy\" decoding=\"async\" width=\"819\" height=\"1024\" src=\"https:\/\/belectric.com\/wp-content\/uploads\/2025\/04\/250409_DE_25-Jahre-EEG4-819x1024.jpg\" alt=\"\" class=\"wp-image-10914\" srcset=\"https:\/\/belectric.com\/wp-content\/uploads\/2025\/04\/250409_DE_25-Jahre-EEG4-819x1024.jpg 819w, https:\/\/belectric.com\/wp-content\/uploads\/2025\/04\/250409_DE_25-Jahre-EEG4-240x300.jpg 240w, https:\/\/belectric.com\/wp-content\/uploads\/2025\/04\/250409_DE_25-Jahre-EEG4-768x960.jpg 768w, https:\/\/belectric.com\/wp-content\/uploads\/2025\/04\/250409_DE_25-Jahre-EEG4-1229x1536.jpg 1229w, https:\/\/belectric.com\/wp-content\/uploads\/2025\/04\/250409_DE_25-Jahre-EEG4-1638x2048.jpg 1638w, https:\/\/belectric.com\/wp-content\/uploads\/2025\/04\/250409_DE_25-Jahre-EEG4-scaled.jpg 2048w\" sizes=\"auto, (max-width: 819px) 100vw, 819px\" \/><\/figure>\n\n\n\n<figure class=\"wp-block-image size-large\"><img loading=\"lazy\" decoding=\"async\" width=\"819\" height=\"1024\" src=\"https:\/\/belectric.com\/wp-content\/uploads\/2025\/04\/250409_DE_25-Jahre-EEG5-819x1024.jpg\" alt=\"\" class=\"wp-image-10920\" srcset=\"https:\/\/belectric.com\/wp-content\/uploads\/2025\/04\/250409_DE_25-Jahre-EEG5-819x1024.jpg 819w, https:\/\/belectric.com\/wp-content\/uploads\/2025\/04\/250409_DE_25-Jahre-EEG5-240x300.jpg 240w, https:\/\/belectric.com\/wp-content\/uploads\/2025\/04\/250409_DE_25-Jahre-EEG5-768x960.jpg 768w, https:\/\/belectric.com\/wp-content\/uploads\/2025\/04\/250409_DE_25-Jahre-EEG5-1229x1536.jpg 1229w, https:\/\/belectric.com\/wp-content\/uploads\/2025\/04\/250409_DE_25-Jahre-EEG5-1638x2048.jpg 1638w, https:\/\/belectric.com\/wp-content\/uploads\/2025\/04\/250409_DE_25-Jahre-EEG5-scaled.jpg 2048w\" sizes=\"auto, (max-width: 819px) 100vw, 819px\" \/><\/figure>\n\n\n\n<figure class=\"wp-block-image size-large\"><img loading=\"lazy\" decoding=\"async\" width=\"819\" height=\"1024\" src=\"https:\/\/belectric.com\/wp-content\/uploads\/2025\/04\/250409_DE_25-Jahre-EEG6-819x1024.jpg\" alt=\"\" class=\"wp-image-10926\" srcset=\"https:\/\/belectric.com\/wp-content\/uploads\/2025\/04\/250409_DE_25-Jahre-EEG6-819x1024.jpg 819w, https:\/\/belectric.com\/wp-content\/uploads\/2025\/04\/250409_DE_25-Jahre-EEG6-240x300.jpg 240w, https:\/\/belectric.com\/wp-content\/uploads\/2025\/04\/250409_DE_25-Jahre-EEG6-768x960.jpg 768w, https:\/\/belectric.com\/wp-content\/uploads\/2025\/04\/250409_DE_25-Jahre-EEG6-1229x1536.jpg 1229w, https:\/\/belectric.com\/wp-content\/uploads\/2025\/04\/250409_DE_25-Jahre-EEG6-1638x2048.jpg 1638w, https:\/\/belectric.com\/wp-content\/uploads\/2025\/04\/250409_DE_25-Jahre-EEG6-scaled.jpg 2048w\" sizes=\"auto, (max-width: 819px) 100vw, 819px\" \/><\/figure>\n\n\n\n<figure class=\"wp-block-image size-large\"><img loading=\"lazy\" decoding=\"async\" width=\"819\" height=\"1024\" src=\"https:\/\/belectric.com\/wp-content\/uploads\/2025\/04\/250409_DE_25-Jahre-EEG7-819x1024.jpg\" alt=\"\" class=\"wp-image-10932\" srcset=\"https:\/\/belectric.com\/wp-content\/uploads\/2025\/04\/250409_DE_25-Jahre-EEG7-819x1024.jpg 819w, https:\/\/belectric.com\/wp-content\/uploads\/2025\/04\/250409_DE_25-Jahre-EEG7-240x300.jpg 240w, https:\/\/belectric.com\/wp-content\/uploads\/2025\/04\/250409_DE_25-Jahre-EEG7-768x960.jpg 768w, https:\/\/belectric.com\/wp-content\/uploads\/2025\/04\/250409_DE_25-Jahre-EEG7-1229x1536.jpg 1229w, https:\/\/belectric.com\/wp-content\/uploads\/2025\/04\/250409_DE_25-Jahre-EEG7-1638x2048.jpg 1638w, https:\/\/belectric.com\/wp-content\/uploads\/2025\/04\/250409_DE_25-Jahre-EEG7-scaled.jpg 2048w\" sizes=\"auto, (max-width: 819px) 100vw, 819px\" \/><\/figure>\n\n\n\n<figure class=\"wp-block-image size-large\"><img loading=\"lazy\" decoding=\"async\" width=\"819\" height=\"1024\" src=\"https:\/\/belectric.com\/wp-content\/uploads\/2025\/04\/250409_DE_25-Jahre-EEG8-819x1024.jpg\" alt=\"\" class=\"wp-image-10890\" srcset=\"https:\/\/belectric.com\/wp-content\/uploads\/2025\/04\/250409_DE_25-Jahre-EEG8-819x1024.jpg 819w, https:\/\/belectric.com\/wp-content\/uploads\/2025\/04\/250409_DE_25-Jahre-EEG8-240x300.jpg 240w, https:\/\/belectric.com\/wp-content\/uploads\/2025\/04\/250409_DE_25-Jahre-EEG8-768x960.jpg 768w, https:\/\/belectric.com\/wp-content\/uploads\/2025\/04\/250409_DE_25-Jahre-EEG8-1229x1536.jpg 1229w, https:\/\/belectric.com\/wp-content\/uploads\/2025\/04\/250409_DE_25-Jahre-EEG8-1638x2048.jpg 1638w, https:\/\/belectric.com\/wp-content\/uploads\/2025\/04\/250409_DE_25-Jahre-EEG8-scaled.jpg 2048w\" sizes=\"auto, (max-width: 819px) 100vw, 819px\" \/><\/figure>\n","protected":false},"excerpt":{"rendered":"<p>Im April 2000 hat Deutschland das Erneuerbare-Energien-Gesetz (EEG) beschlossen. Es zielt darauf ab, den Ausbau der Erneuerbaren Energien zu f\u00f6rdern \u2013 eine Entwicklung, die wir bei BELECTRIC von Beginn an miterlebt haben. Klickt euch durch, um herauszufinden, was das EEG in seinem 25-j\u00e4hrigen Bestehen bewirkt hat! \ud83d\udc40<\/p>\n","protected":false},"author":4,"featured_media":10896,"comment_status":"closed","ping_status":"closed","sticky":false,"template":"","format":"standard","meta":{"_acf_changed":false,"footnotes":""},"categories":[102],"tags":[],"class_list":["post-10985","post","type-post","status-publish","format-standard","has-post-thumbnail","hentry","category-social-media-wall-de"],"acf":[],"yoast_head":"<!-- This site is optimized with the Yoast SEO plugin v27.5 - https:\/\/yoast.com\/product\/yoast-seo-wordpress\/ -->\n<title>Das EEG wird 25! \ud83c\udf89 Aber was hat das Gesetz bewirkt? \ud83e\udd14 - BELECTRIC<\/title>\n<meta name=\"description\" content=\"Im April 2000 hat Deutschland das Erneuerbare-Energien-Gesetz (EEG) beschlossen. Aber was hat das Gesetz bewirkt?\" \/>\n<meta name=\"robots\" content=\"index, follow, max-snippet:-1, max-image-preview:large, max-video-preview:-1\" \/>\n<link rel=\"canonical\" href=\"https:\/\/belectric.com\/de\/das-eeg-wird-25-%f0%9f%8e%89-aber-was-hat-das-gesetz-bewirkt-%f0%9f%a4%94\/\" \/>\n<meta property=\"og:locale\" content=\"de_DE\" \/>\n<meta property=\"og:type\" content=\"article\" \/>\n<meta property=\"og:title\" content=\"Das EEG wird 25! \ud83c\udf89 Aber was hat das Gesetz bewirkt? \ud83e\udd14 - BELECTRIC\" \/>\n<meta property=\"og:description\" content=\"Im April 2000 hat Deutschland das Erneuerbare-Energien-Gesetz (EEG) beschlossen. Aber was hat das Gesetz bewirkt?\" \/>\n<meta property=\"og:url\" content=\"https:\/\/belectric.com\/de\/das-eeg-wird-25-%f0%9f%8e%89-aber-was-hat-das-gesetz-bewirkt-%f0%9f%a4%94\/\" \/>\n<meta property=\"og:site_name\" content=\"BELECTRIC\" \/>\n<meta property=\"article:publisher\" content=\"https:\/\/www.facebook.com\/belectric.solar\/\" \/>\n<meta property=\"article:published_time\" content=\"2025-04-09T09:46:34+00:00\" \/>\n<meta property=\"article:modified_time\" content=\"2025-04-09T09:55:38+00:00\" \/>\n<meta property=\"og:image\" content=\"https:\/\/belectric.com\/wp-content\/uploads\/2025\/04\/250409_DE_25-Jahre-EEG-scaled.jpg\" \/>\n\t<meta property=\"og:image:width\" content=\"2048\" \/>\n\t<meta property=\"og:image:height\" content=\"2560\" \/>\n\t<meta property=\"og:image:type\" content=\"image\/jpeg\" \/>\n<meta name=\"author\" content=\"Luisa M\u00fcller\" \/>\n<meta name=\"twitter:card\" content=\"summary_large_image\" \/>\n<meta name=\"twitter:label1\" content=\"Verfasst von\" \/>\n\t<meta name=\"twitter:data1\" content=\"Luisa M\u00fcller\" \/>\n\t<meta name=\"twitter:label2\" content=\"Gesch\u00e4tzte Lesezeit\" \/>\n\t<meta name=\"twitter:data2\" content=\"3\u00a0Minuten\" \/>\n<script type=\"application\/ld+json\" class=\"yoast-schema-graph\">{\"@context\":\"https:\\\/\\\/schema.org\",\"@graph\":[{\"@type\":\"Article\",\"@id\":\"https:\\\/\\\/belectric.com\\\/de\\\/das-eeg-wird-25-%f0%9f%8e%89-aber-was-hat-das-gesetz-bewirkt-%f0%9f%a4%94\\\/#article\",\"isPartOf\":{\"@id\":\"https:\\\/\\\/belectric.com\\\/de\\\/das-eeg-wird-25-%f0%9f%8e%89-aber-was-hat-das-gesetz-bewirkt-%f0%9f%a4%94\\\/\"},\"author\":{\"name\":\"Luisa M\u00fcller\",\"@id\":\"https:\\\/\\\/belectric.com\\\/de\\\/#\\\/schema\\\/person\\\/b526d8f3aef97a0d417f672f63abe647\"},\"headline\":\"Das EEG wird 25! \ud83c\udf89 Aber was hat das Gesetz bewirkt? \ud83e\udd14\",\"datePublished\":\"2025-04-09T09:46:34+00:00\",\"dateModified\":\"2025-04-09T09:55:38+00:00\",\"mainEntityOfPage\":{\"@id\":\"https:\\\/\\\/belectric.com\\\/de\\\/das-eeg-wird-25-%f0%9f%8e%89-aber-was-hat-das-gesetz-bewirkt-%f0%9f%a4%94\\\/\"},\"wordCount\":55,\"publisher\":{\"@id\":\"https:\\\/\\\/belectric.com\\\/de\\\/#organization\"},\"image\":{\"@id\":\"https:\\\/\\\/belectric.com\\\/de\\\/das-eeg-wird-25-%f0%9f%8e%89-aber-was-hat-das-gesetz-bewirkt-%f0%9f%a4%94\\\/#primaryimage\"},\"thumbnailUrl\":\"https:\\\/\\\/belectric.com\\\/wp-content\\\/uploads\\\/2025\\\/04\\\/250409_DE_25-Jahre-EEG-scaled.jpg\",\"articleSection\":[\"Social Media Wall\"],\"inLanguage\":\"de\"},{\"@type\":\"WebPage\",\"@id\":\"https:\\\/\\\/belectric.com\\\/de\\\/das-eeg-wird-25-%f0%9f%8e%89-aber-was-hat-das-gesetz-bewirkt-%f0%9f%a4%94\\\/\",\"url\":\"https:\\\/\\\/belectric.com\\\/de\\\/das-eeg-wird-25-%f0%9f%8e%89-aber-was-hat-das-gesetz-bewirkt-%f0%9f%a4%94\\\/\",\"name\":\"Das EEG wird 25! \ud83c\udf89 Aber was hat das Gesetz bewirkt? \ud83e\udd14 - BELECTRIC\",\"isPartOf\":{\"@id\":\"https:\\\/\\\/belectric.com\\\/de\\\/#website\"},\"primaryImageOfPage\":{\"@id\":\"https:\\\/\\\/belectric.com\\\/de\\\/das-eeg-wird-25-%f0%9f%8e%89-aber-was-hat-das-gesetz-bewirkt-%f0%9f%a4%94\\\/#primaryimage\"},\"image\":{\"@id\":\"https:\\\/\\\/belectric.com\\\/de\\\/das-eeg-wird-25-%f0%9f%8e%89-aber-was-hat-das-gesetz-bewirkt-%f0%9f%a4%94\\\/#primaryimage\"},\"thumbnailUrl\":\"https:\\\/\\\/belectric.com\\\/wp-content\\\/uploads\\\/2025\\\/04\\\/250409_DE_25-Jahre-EEG-scaled.jpg\",\"datePublished\":\"2025-04-09T09:46:34+00:00\",\"dateModified\":\"2025-04-09T09:55:38+00:00\",\"description\":\"Im April 2000 hat Deutschland das Erneuerbare-Energien-Gesetz (EEG) beschlossen. Aber was hat das Gesetz bewirkt?\",\"breadcrumb\":{\"@id\":\"https:\\\/\\\/belectric.com\\\/de\\\/das-eeg-wird-25-%f0%9f%8e%89-aber-was-hat-das-gesetz-bewirkt-%f0%9f%a4%94\\\/#breadcrumb\"},\"inLanguage\":\"de\",\"potentialAction\":[{\"@type\":\"ReadAction\",\"target\":[\"https:\\\/\\\/belectric.com\\\/de\\\/das-eeg-wird-25-%f0%9f%8e%89-aber-was-hat-das-gesetz-bewirkt-%f0%9f%a4%94\\\/\"]}]},{\"@type\":\"ImageObject\",\"inLanguage\":\"de\",\"@id\":\"https:\\\/\\\/belectric.com\\\/de\\\/das-eeg-wird-25-%f0%9f%8e%89-aber-was-hat-das-gesetz-bewirkt-%f0%9f%a4%94\\\/#primaryimage\",\"url\":\"https:\\\/\\\/belectric.com\\\/wp-content\\\/uploads\\\/2025\\\/04\\\/250409_DE_25-Jahre-EEG-scaled.jpg\",\"contentUrl\":\"https:\\\/\\\/belectric.com\\\/wp-content\\\/uploads\\\/2025\\\/04\\\/250409_DE_25-Jahre-EEG-scaled.jpg\",\"width\":2048,\"height\":2560,\"caption\":\"Rear view of four employees in safety clothing hugging each other and running towards solar panels with the headline: 25 Year of EEG What the German policy has achieved.\"},{\"@type\":\"BreadcrumbList\",\"@id\":\"https:\\\/\\\/belectric.com\\\/de\\\/das-eeg-wird-25-%f0%9f%8e%89-aber-was-hat-das-gesetz-bewirkt-%f0%9f%a4%94\\\/#breadcrumb\",\"itemListElement\":[{\"@type\":\"ListItem\",\"position\":1,\"name\":\"Startseite\",\"item\":\"https:\\\/\\\/belectric.com\\\/de\\\/\"},{\"@type\":\"ListItem\",\"position\":2,\"name\":\"Das EEG wird 25! \ud83c\udf89 Aber was hat das Gesetz bewirkt? \ud83e\udd14\"}]},{\"@type\":\"WebSite\",\"@id\":\"https:\\\/\\\/belectric.com\\\/de\\\/#website\",\"url\":\"https:\\\/\\\/belectric.com\\\/de\\\/\",\"name\":\"BELECTRIC\",\"description\":\"360\u00b0 solution for ground-mounted solar power plants\",\"publisher\":{\"@id\":\"https:\\\/\\\/belectric.com\\\/de\\\/#organization\"},\"potentialAction\":[{\"@type\":\"SearchAction\",\"target\":{\"@type\":\"EntryPoint\",\"urlTemplate\":\"https:\\\/\\\/belectric.com\\\/de\\\/?s={search_term_string}\"},\"query-input\":{\"@type\":\"PropertyValueSpecification\",\"valueRequired\":true,\"valueName\":\"search_term_string\"}}],\"inLanguage\":\"de\"},{\"@type\":\"Organization\",\"@id\":\"https:\\\/\\\/belectric.com\\\/de\\\/#organization\",\"name\":\"BELECTRIC\",\"url\":\"https:\\\/\\\/belectric.com\\\/de\\\/\",\"logo\":{\"@type\":\"ImageObject\",\"inLanguage\":\"de\",\"@id\":\"https:\\\/\\\/belectric.com\\\/de\\\/#\\\/schema\\\/logo\\\/image\\\/\",\"url\":\"https:\\\/\\\/belectric.com\\\/wp-content\\\/uploads\\\/2023\\\/09\\\/belectric_member_logo_rgb.svg\",\"contentUrl\":\"https:\\\/\\\/belectric.com\\\/wp-content\\\/uploads\\\/2023\\\/09\\\/belectric_member_logo_rgb.svg\",\"width\":805,\"height\":100,\"caption\":\"BELECTRIC\"},\"image\":{\"@id\":\"https:\\\/\\\/belectric.com\\\/de\\\/#\\\/schema\\\/logo\\\/image\\\/\"},\"sameAs\":[\"https:\\\/\\\/www.facebook.com\\\/belectric.solar\\\/\",\"https:\\\/\\\/www.xing.com\\\/pages\\\/belectric\",\"https:\\\/\\\/www.linkedin.com\\\/company\\\/belectric-gmbh\\\/\",\"https:\\\/\\\/www.instagram.com\\\/belectric_solar\\\/\",\"https:\\\/\\\/www.youtube.com\\\/@BELECTRIC_GmbH\\\/videos\"]},{\"@type\":\"Person\",\"@id\":\"https:\\\/\\\/belectric.com\\\/de\\\/#\\\/schema\\\/person\\\/b526d8f3aef97a0d417f672f63abe647\",\"name\":\"Luisa M\u00fcller\"}]}<\/script>\n<!-- \/ Yoast SEO plugin. -->","yoast_head_json":{"title":"Das EEG wird 25! \ud83c\udf89 Aber was hat das Gesetz bewirkt? \ud83e\udd14 - BELECTRIC","description":"Im April 2000 hat Deutschland das Erneuerbare-Energien-Gesetz (EEG) beschlossen. Aber was hat das Gesetz bewirkt?","robots":{"index":"index","follow":"follow","max-snippet":"max-snippet:-1","max-image-preview":"max-image-preview:large","max-video-preview":"max-video-preview:-1"},"canonical":"https:\/\/belectric.com\/de\/das-eeg-wird-25-%f0%9f%8e%89-aber-was-hat-das-gesetz-bewirkt-%f0%9f%a4%94\/","og_locale":"de_DE","og_type":"article","og_title":"Das EEG wird 25! \ud83c\udf89 Aber was hat das Gesetz bewirkt? \ud83e\udd14 - BELECTRIC","og_description":"Im April 2000 hat Deutschland das Erneuerbare-Energien-Gesetz (EEG) beschlossen. Aber was hat das Gesetz bewirkt?","og_url":"https:\/\/belectric.com\/de\/das-eeg-wird-25-%f0%9f%8e%89-aber-was-hat-das-gesetz-bewirkt-%f0%9f%a4%94\/","og_site_name":"BELECTRIC","article_publisher":"https:\/\/www.facebook.com\/belectric.solar\/","article_published_time":"2025-04-09T09:46:34+00:00","article_modified_time":"2025-04-09T09:55:38+00:00","og_image":[{"width":2048,"height":2560,"url":"https:\/\/belectric.com\/wp-content\/uploads\/2025\/04\/250409_DE_25-Jahre-EEG-scaled.jpg","type":"image\/jpeg"}],"author":"Luisa M\u00fcller","twitter_card":"summary_large_image","twitter_misc":{"Verfasst von":"Luisa M\u00fcller","Gesch\u00e4tzte Lesezeit":"3\u00a0Minuten"},"schema":{"@context":"https:\/\/schema.org","@graph":[{"@type":"Article","@id":"https:\/\/belectric.com\/de\/das-eeg-wird-25-%f0%9f%8e%89-aber-was-hat-das-gesetz-bewirkt-%f0%9f%a4%94\/#article","isPartOf":{"@id":"https:\/\/belectric.com\/de\/das-eeg-wird-25-%f0%9f%8e%89-aber-was-hat-das-gesetz-bewirkt-%f0%9f%a4%94\/"},"author":{"name":"Luisa M\u00fcller","@id":"https:\/\/belectric.com\/de\/#\/schema\/person\/b526d8f3aef97a0d417f672f63abe647"},"headline":"Das EEG wird 25! \ud83c\udf89 Aber was hat das Gesetz bewirkt? \ud83e\udd14","datePublished":"2025-04-09T09:46:34+00:00","dateModified":"2025-04-09T09:55:38+00:00","mainEntityOfPage":{"@id":"https:\/\/belectric.com\/de\/das-eeg-wird-25-%f0%9f%8e%89-aber-was-hat-das-gesetz-bewirkt-%f0%9f%a4%94\/"},"wordCount":55,"publisher":{"@id":"https:\/\/belectric.com\/de\/#organization"},"image":{"@id":"https:\/\/belectric.com\/de\/das-eeg-wird-25-%f0%9f%8e%89-aber-was-hat-das-gesetz-bewirkt-%f0%9f%a4%94\/#primaryimage"},"thumbnailUrl":"https:\/\/belectric.com\/wp-content\/uploads\/2025\/04\/250409_DE_25-Jahre-EEG-scaled.jpg","articleSection":["Social Media Wall"],"inLanguage":"de"},{"@type":"WebPage","@id":"https:\/\/belectric.com\/de\/das-eeg-wird-25-%f0%9f%8e%89-aber-was-hat-das-gesetz-bewirkt-%f0%9f%a4%94\/","url":"https:\/\/belectric.com\/de\/das-eeg-wird-25-%f0%9f%8e%89-aber-was-hat-das-gesetz-bewirkt-%f0%9f%a4%94\/","name":"Das EEG wird 25! \ud83c\udf89 Aber was hat das Gesetz bewirkt? \ud83e\udd14 - BELECTRIC","isPartOf":{"@id":"https:\/\/belectric.com\/de\/#website"},"primaryImageOfPage":{"@id":"https:\/\/belectric.com\/de\/das-eeg-wird-25-%f0%9f%8e%89-aber-was-hat-das-gesetz-bewirkt-%f0%9f%a4%94\/#primaryimage"},"image":{"@id":"https:\/\/belectric.com\/de\/das-eeg-wird-25-%f0%9f%8e%89-aber-was-hat-das-gesetz-bewirkt-%f0%9f%a4%94\/#primaryimage"},"thumbnailUrl":"https:\/\/belectric.com\/wp-content\/uploads\/2025\/04\/250409_DE_25-Jahre-EEG-scaled.jpg","datePublished":"2025-04-09T09:46:34+00:00","dateModified":"2025-04-09T09:55:38+00:00","description":"Im April 2000 hat Deutschland das Erneuerbare-Energien-Gesetz (EEG) beschlossen. Aber was hat das Gesetz bewirkt?","breadcrumb":{"@id":"https:\/\/belectric.com\/de\/das-eeg-wird-25-%f0%9f%8e%89-aber-was-hat-das-gesetz-bewirkt-%f0%9f%a4%94\/#breadcrumb"},"inLanguage":"de","potentialAction":[{"@type":"ReadAction","target":["https:\/\/belectric.com\/de\/das-eeg-wird-25-%f0%9f%8e%89-aber-was-hat-das-gesetz-bewirkt-%f0%9f%a4%94\/"]}]},{"@type":"ImageObject","inLanguage":"de","@id":"https:\/\/belectric.com\/de\/das-eeg-wird-25-%f0%9f%8e%89-aber-was-hat-das-gesetz-bewirkt-%f0%9f%a4%94\/#primaryimage","url":"https:\/\/belectric.com\/wp-content\/uploads\/2025\/04\/250409_DE_25-Jahre-EEG-scaled.jpg","contentUrl":"https:\/\/belectric.com\/wp-content\/uploads\/2025\/04\/250409_DE_25-Jahre-EEG-scaled.jpg","width":2048,"height":2560,"caption":"Rear view of four employees in safety clothing hugging each other and running towards solar panels with the headline: 25 Year of EEG What the German policy has achieved."},{"@type":"BreadcrumbList","@id":"https:\/\/belectric.com\/de\/das-eeg-wird-25-%f0%9f%8e%89-aber-was-hat-das-gesetz-bewirkt-%f0%9f%a4%94\/#breadcrumb","itemListElement":[{"@type":"ListItem","position":1,"name":"Startseite","item":"https:\/\/belectric.com\/de\/"},{"@type":"ListItem","position":2,"name":"Das EEG wird 25! \ud83c\udf89 Aber was hat das Gesetz bewirkt? \ud83e\udd14"}]},{"@type":"WebSite","@id":"https:\/\/belectric.com\/de\/#website","url":"https:\/\/belectric.com\/de\/","name":"BELECTRIC","description":"360\u00b0 solution for ground-mounted solar power plants","publisher":{"@id":"https:\/\/belectric.com\/de\/#organization"},"potentialAction":[{"@type":"SearchAction","target":{"@type":"EntryPoint","urlTemplate":"https:\/\/belectric.com\/de\/?s={search_term_string}"},"query-input":{"@type":"PropertyValueSpecification","valueRequired":true,"valueName":"search_term_string"}}],"inLanguage":"de"},{"@type":"Organization","@id":"https:\/\/belectric.com\/de\/#organization","name":"BELECTRIC","url":"https:\/\/belectric.com\/de\/","logo":{"@type":"ImageObject","inLanguage":"de","@id":"https:\/\/belectric.com\/de\/#\/schema\/logo\/image\/","url":"https:\/\/belectric.com\/wp-content\/uploads\/2023\/09\/belectric_member_logo_rgb.svg","contentUrl":"https:\/\/belectric.com\/wp-content\/uploads\/2023\/09\/belectric_member_logo_rgb.svg","width":805,"height":100,"caption":"BELECTRIC"},"image":{"@id":"https:\/\/belectric.com\/de\/#\/schema\/logo\/image\/"},"sameAs":["https:\/\/www.facebook.com\/belectric.solar\/","https:\/\/www.xing.com\/pages\/belectric","https:\/\/www.linkedin.com\/company\/belectric-gmbh\/","https:\/\/www.instagram.com\/belectric_solar\/","https:\/\/www.youtube.com\/@BELECTRIC_GmbH\/videos"]},{"@type":"Person","@id":"https:\/\/belectric.com\/de\/#\/schema\/person\/b526d8f3aef97a0d417f672f63abe647","name":"Luisa M\u00fcller"}]}},"_links":{"self":[{"href":"https:\/\/belectric.com\/de\/wp-json\/wp\/v2\/posts\/10985","targetHints":{"allow":["GET"]}}],"collection":[{"href":"https:\/\/belectric.com\/de\/wp-json\/wp\/v2\/posts"}],"about":[{"href":"https:\/\/belectric.com\/de\/wp-json\/wp\/v2\/types\/post"}],"author":[{"embeddable":true,"href":"https:\/\/belectric.com\/de\/wp-json\/wp\/v2\/users\/4"}],"replies":[{"embeddable":true,"href":"https:\/\/belectric.com\/de\/wp-json\/wp\/v2\/comments?post=10985"}],"version-history":[{"count":1,"href":"https:\/\/belectric.com\/de\/wp-json\/wp\/v2\/posts\/10985\/revisions"}],"predecessor-version":[{"id":10986,"href":"https:\/\/belectric.com\/de\/wp-json\/wp\/v2\/posts\/10985\/revisions\/10986"}],"wp:featuredmedia":[{"embeddable":true,"href":"https:\/\/belectric.com\/de\/wp-json\/wp\/v2\/media\/10896"}],"wp:attachment":[{"href":"https:\/\/belectric.com\/de\/wp-json\/wp\/v2\/media?parent=10985"}],"wp:term":[{"taxonomy":"category","embeddable":true,"href":"https:\/\/belectric.com\/de\/wp-json\/wp\/v2\/categories?post=10985"},{"taxonomy":"post_tag","embeddable":true,"href":"https:\/\/belectric.com\/de\/wp-json\/wp\/v2\/tags?post=10985"}],"curies":[{"name":"wp","href":"https:\/\/api.w.org\/{rel}","templated":true}]}}