{"id":12214,"date":"2025-05-02T09:00:24","date_gmt":"2025-05-02T07:00:24","guid":{"rendered":"https:\/\/belectric.com\/?p=12214"},"modified":"2025-05-02T10:24:29","modified_gmt":"2025-05-02T08:24:29","slug":"ob-ausbildung-oder-duales-studium-starte-durch-im-teambelectric-%f0%9f%9a%80%e2%98%80%ef%b8%8f","status":"publish","type":"post","link":"https:\/\/belectric.com\/de\/ob-ausbildung-oder-duales-studium-starte-durch-im-teambelectric-%f0%9f%9a%80%e2%98%80%ef%b8%8f\/","title":{"rendered":"Ob Ausbildung oder duales Studium: Starte durch im #teambelectric! \ud83d\ude80\u2600\ufe0f"},"content":{"rendered":"\n<p>BELECTRIC arbeitet an einer nachhaltigen Zukunft und stellt die Weichen f\u00fcr eine erfolgreiche Energiewende! Starte mit uns gemeinsam in deine Karriere \u2013 klimafreundlich, abwechslungsreich und mit Hochspannung!<\/p>\n\n\n\n<p>Im #teambelectric findest du viele M\u00f6glichkeiten f\u00fcr deine Ausbildung: &nbsp;<\/p>\n\n\n\n<p>\ud83d\udd27 <a href=\"https:\/\/belectric.com\/de\/karriere\/bewerben\/\">Elektroniker*in f\u00fcr Betriebstechnik<\/a><\/p>\n\n\n\n<p>\ud83d\udd0c <a href=\"https:\/\/belectric.com\/de\/karriere\/bewerben\/\">Elektroniker*in f\u00fcr Energie- und Geb\u00e4udetechnik<\/a><\/p>\n\n\n\n<p>\ud83d\udca1 <a href=\"https:\/\/belectric.com\/de\/karriere\/bewerben\/\">Industrieelektriker*in<\/a><\/p>\n\n\n\n<p>\ud83d\udcbb Fachinformatiker*in f\u00fcr Systemintegration<\/p>\n\n\n\n<p>\ud83d\udce0 <a href=\"https:\/\/belectric.com\/de\/karriere\/bewerben\/\">Kaufleute f\u00fcr B\u00fcromanagement<\/a><\/p>\n\n\n\n<p>\ud83c\udf10 <a href=\"https:\/\/belectric.com\/de\/karriere\/bewerben\/\">Kaufleute f\u00fcr Gro\u00df- und Au\u00dfenhandelsmanagement<\/a><\/p>\n\n\n\n<p>Au\u00dferdem bieten wir:<\/p>\n\n\n\n<p>\ud83d\udcca <a href=\"https:\/\/belectric.com\/de\/karriere\/bewerben\/\">Studium im Bereich BWL<\/a><\/p>\n\n\n\n<p>\ud83d\udd0b <a href=\"https:\/\/belectric.com\/de\/karriere\/bewerben\/\">Studium im Bereich Elektrotechnik<\/a><\/p>\n\n\n\n<p>Bei BELECTRIC warten praxisorientierte und abwechslungsreiche Aufgaben bei fairer Bezahlung und guten \u00dcbernahmechancen auf dich. Und das Wichtigste: Der Spa\u00df bei der Arbeit kommt nie zu kurz! Swipe gerne durch unsere Bildeindr\u00fccke \u27a1\ufe0f<\/p>\n\n\n\n<p>Weitere Einblicke in den Berufsalltag unserer Azubis gibt es bei @azubis_belectric auf Instagram.<\/p>\n\n\n\n<figure class=\"wp-block-image size-large\"><img loading=\"lazy\" decoding=\"async\" width=\"819\" height=\"1024\" src=\"https:\/\/belectric.com\/wp-content\/uploads\/2025\/05\/2025_KW18_belectric_azubi_1-819x1024.jpg\" alt=\"\" class=\"wp-image-12215\" srcset=\"https:\/\/belectric.com\/wp-content\/uploads\/2025\/05\/2025_KW18_belectric_azubi_1-819x1024.jpg 819w, https:\/\/belectric.com\/wp-content\/uploads\/2025\/05\/2025_KW18_belectric_azubi_1-240x300.jpg 240w, https:\/\/belectric.com\/wp-content\/uploads\/2025\/05\/2025_KW18_belectric_azubi_1-768x960.jpg 768w, https:\/\/belectric.com\/wp-content\/uploads\/2025\/05\/2025_KW18_belectric_azubi_1.jpg 1080w\" sizes=\"auto, (max-width: 819px) 100vw, 819px\" \/><\/figure>\n","protected":false},"excerpt":{"rendered":"<p>BELECTRIC arbeitet an einer nachhaltigen Zukunft und stellt die Weichen f\u00fcr eine erfolgreiche Energiewende! Starte mit uns gemeinsam in deine Karriere \u2013 klimafreundlich, abwechslungsreich und mit Hochspannung! Im #teambelectric findest du viele M\u00f6glichkeiten f\u00fcr deine Ausbildung: &nbsp; \ud83d\udd27 Elektroniker*in f\u00fcr Betriebstechnik \ud83d\udd0c Elektroniker*in f\u00fcr Energie- und Geb\u00e4udetechnik \ud83d\udca1 Industrieelektriker*in \ud83d\udcbb Fachinformatiker*in f\u00fcr Systemintegration \ud83d\udce0 Kaufleute&#8230;<\/p>\n","protected":false},"author":9,"featured_media":12221,"comment_status":"closed","ping_status":"closed","sticky":false,"template":"","format":"standard","meta":{"_acf_changed":false,"footnotes":""},"categories":[102],"tags":[],"class_list":["post-12214","post","type-post","status-publish","format-standard","has-post-thumbnail","hentry","category-social-media-wall-de"],"acf":[],"yoast_head":"<!-- This site is optimized with the Yoast SEO plugin v27.5 - https:\/\/yoast.com\/product\/yoast-seo-wordpress\/ -->\n<title>#teambelectric: Deine Ausbildung in der Solarbranche \ud83d\ude80\u2600\ufe0f<\/title>\n<meta name=\"description\" content=\"Starte deine Karriere bei BELECTRIC: IT-, Elektro- und kaufm\u00e4nnische Ausbildungsprogramme mit Praxisbezug und Teamgeist.\" \/>\n<meta name=\"robots\" content=\"index, follow, max-snippet:-1, max-image-preview:large, max-video-preview:-1\" \/>\n<link rel=\"canonical\" href=\"https:\/\/belectric.com\/de\/ob-ausbildung-oder-duales-studium-starte-durch-im-teambelectric-%f0%9f%9a%80%e2%98%80%ef%b8%8f\/\" \/>\n<meta property=\"og:locale\" content=\"de_DE\" \/>\n<meta property=\"og:type\" content=\"article\" \/>\n<meta property=\"og:title\" content=\"#teambelectric: Deine Ausbildung in der Solarbranche \ud83d\ude80\u2600\ufe0f\" \/>\n<meta property=\"og:description\" content=\"Starte deine Karriere bei BELECTRIC: IT-, Elektro- und kaufm\u00e4nnische Ausbildungsprogramme mit Praxisbezug und Teamgeist.\" \/>\n<meta property=\"og:url\" content=\"https:\/\/belectric.com\/de\/ob-ausbildung-oder-duales-studium-starte-durch-im-teambelectric-%f0%9f%9a%80%e2%98%80%ef%b8%8f\/\" \/>\n<meta property=\"og:site_name\" content=\"BELECTRIC\" \/>\n<meta property=\"article:publisher\" content=\"https:\/\/www.facebook.com\/belectric.solar\/\" \/>\n<meta property=\"article:published_time\" content=\"2025-05-02T07:00:24+00:00\" \/>\n<meta property=\"article:modified_time\" content=\"2025-05-02T08:24:29+00:00\" \/>\n<meta property=\"og:image\" content=\"https:\/\/belectric.com\/wp-content\/uploads\/2025\/05\/2025_KW18_belectric_azubi_1-1.jpg\" \/>\n\t<meta property=\"og:image:width\" content=\"1080\" \/>\n\t<meta property=\"og:image:height\" content=\"1350\" \/>\n\t<meta property=\"og:image:type\" content=\"image\/jpeg\" \/>\n<meta name=\"author\" content=\"Kreativteam\" \/>\n<meta name=\"twitter:card\" content=\"summary_large_image\" \/>\n<meta name=\"twitter:label1\" content=\"Verfasst von\" \/>\n\t<meta name=\"twitter:data1\" content=\"Kreativteam\" \/>\n\t<meta name=\"twitter:label2\" content=\"Gesch\u00e4tzte Lesezeit\" \/>\n\t<meta name=\"twitter:data2\" content=\"2\u00a0Minuten\" \/>\n<script type=\"application\/ld+json\" class=\"yoast-schema-graph\">{\"@context\":\"https:\\\/\\\/schema.org\",\"@graph\":[{\"@type\":\"Article\",\"@id\":\"https:\\\/\\\/belectric.com\\\/de\\\/ob-ausbildung-oder-duales-studium-starte-durch-im-teambelectric-%f0%9f%9a%80%e2%98%80%ef%b8%8f\\\/#article\",\"isPartOf\":{\"@id\":\"https:\\\/\\\/belectric.com\\\/de\\\/ob-ausbildung-oder-duales-studium-starte-durch-im-teambelectric-%f0%9f%9a%80%e2%98%80%ef%b8%8f\\\/\"},\"author\":{\"name\":\"Kreativteam\",\"@id\":\"https:\\\/\\\/belectric.com\\\/de\\\/#\\\/schema\\\/person\\\/30384acb5917d1b35a4b29bcecb3e0b6\"},\"headline\":\"Ob Ausbildung oder duales Studium: Starte durch im #teambelectric! \ud83d\ude80\u2600\ufe0f\",\"datePublished\":\"2025-05-02T07:00:24+00:00\",\"dateModified\":\"2025-05-02T08:24:29+00:00\",\"mainEntityOfPage\":{\"@id\":\"https:\\\/\\\/belectric.com\\\/de\\\/ob-ausbildung-oder-duales-studium-starte-durch-im-teambelectric-%f0%9f%9a%80%e2%98%80%ef%b8%8f\\\/\"},\"wordCount\":140,\"publisher\":{\"@id\":\"https:\\\/\\\/belectric.com\\\/de\\\/#organization\"},\"image\":{\"@id\":\"https:\\\/\\\/belectric.com\\\/de\\\/ob-ausbildung-oder-duales-studium-starte-durch-im-teambelectric-%f0%9f%9a%80%e2%98%80%ef%b8%8f\\\/#primaryimage\"},\"thumbnailUrl\":\"https:\\\/\\\/belectric.com\\\/wp-content\\\/uploads\\\/2025\\\/05\\\/2025_KW18_belectric_azubi_1-1.jpg\",\"articleSection\":[\"Social Media Wall\"],\"inLanguage\":\"de\"},{\"@type\":\"WebPage\",\"@id\":\"https:\\\/\\\/belectric.com\\\/de\\\/ob-ausbildung-oder-duales-studium-starte-durch-im-teambelectric-%f0%9f%9a%80%e2%98%80%ef%b8%8f\\\/\",\"url\":\"https:\\\/\\\/belectric.com\\\/de\\\/ob-ausbildung-oder-duales-studium-starte-durch-im-teambelectric-%f0%9f%9a%80%e2%98%80%ef%b8%8f\\\/\",\"name\":\"#teambelectric: Deine Ausbildung in der Solarbranche \ud83d\ude80\u2600\ufe0f\",\"isPartOf\":{\"@id\":\"https:\\\/\\\/belectric.com\\\/de\\\/#website\"},\"primaryImageOfPage\":{\"@id\":\"https:\\\/\\\/belectric.com\\\/de\\\/ob-ausbildung-oder-duales-studium-starte-durch-im-teambelectric-%f0%9f%9a%80%e2%98%80%ef%b8%8f\\\/#primaryimage\"},\"image\":{\"@id\":\"https:\\\/\\\/belectric.com\\\/de\\\/ob-ausbildung-oder-duales-studium-starte-durch-im-teambelectric-%f0%9f%9a%80%e2%98%80%ef%b8%8f\\\/#primaryimage\"},\"thumbnailUrl\":\"https:\\\/\\\/belectric.com\\\/wp-content\\\/uploads\\\/2025\\\/05\\\/2025_KW18_belectric_azubi_1-1.jpg\",\"datePublished\":\"2025-05-02T07:00:24+00:00\",\"dateModified\":\"2025-05-02T08:24:29+00:00\",\"description\":\"Starte deine Karriere bei BELECTRIC: IT-, Elektro- und kaufm\u00e4nnische Ausbildungsprogramme mit Praxisbezug und Teamgeist.\",\"breadcrumb\":{\"@id\":\"https:\\\/\\\/belectric.com\\\/de\\\/ob-ausbildung-oder-duales-studium-starte-durch-im-teambelectric-%f0%9f%9a%80%e2%98%80%ef%b8%8f\\\/#breadcrumb\"},\"inLanguage\":\"de\",\"potentialAction\":[{\"@type\":\"ReadAction\",\"target\":[\"https:\\\/\\\/belectric.com\\\/de\\\/ob-ausbildung-oder-duales-studium-starte-durch-im-teambelectric-%f0%9f%9a%80%e2%98%80%ef%b8%8f\\\/\"]}]},{\"@type\":\"ImageObject\",\"inLanguage\":\"de\",\"@id\":\"https:\\\/\\\/belectric.com\\\/de\\\/ob-ausbildung-oder-duales-studium-starte-durch-im-teambelectric-%f0%9f%9a%80%e2%98%80%ef%b8%8f\\\/#primaryimage\",\"url\":\"https:\\\/\\\/belectric.com\\\/wp-content\\\/uploads\\\/2025\\\/05\\\/2025_KW18_belectric_azubi_1-1.jpg\",\"contentUrl\":\"https:\\\/\\\/belectric.com\\\/wp-content\\\/uploads\\\/2025\\\/05\\\/2025_KW18_belectric_azubi_1-1.jpg\",\"width\":1080,\"height\":1350},{\"@type\":\"BreadcrumbList\",\"@id\":\"https:\\\/\\\/belectric.com\\\/de\\\/ob-ausbildung-oder-duales-studium-starte-durch-im-teambelectric-%f0%9f%9a%80%e2%98%80%ef%b8%8f\\\/#breadcrumb\",\"itemListElement\":[{\"@type\":\"ListItem\",\"position\":1,\"name\":\"Startseite\",\"item\":\"https:\\\/\\\/belectric.com\\\/de\\\/\"},{\"@type\":\"ListItem\",\"position\":2,\"name\":\"Ob Ausbildung oder duales Studium: Starte durch im #teambelectric! \ud83d\ude80\u2600\ufe0f\"}]},{\"@type\":\"WebSite\",\"@id\":\"https:\\\/\\\/belectric.com\\\/de\\\/#website\",\"url\":\"https:\\\/\\\/belectric.com\\\/de\\\/\",\"name\":\"BELECTRIC\",\"description\":\"360\u00b0 solution for ground-mounted solar power plants\",\"publisher\":{\"@id\":\"https:\\\/\\\/belectric.com\\\/de\\\/#organization\"},\"potentialAction\":[{\"@type\":\"SearchAction\",\"target\":{\"@type\":\"EntryPoint\",\"urlTemplate\":\"https:\\\/\\\/belectric.com\\\/de\\\/?s={search_term_string}\"},\"query-input\":{\"@type\":\"PropertyValueSpecification\",\"valueRequired\":true,\"valueName\":\"search_term_string\"}}],\"inLanguage\":\"de\"},{\"@type\":\"Organization\",\"@id\":\"https:\\\/\\\/belectric.com\\\/de\\\/#organization\",\"name\":\"BELECTRIC\",\"url\":\"https:\\\/\\\/belectric.com\\\/de\\\/\",\"logo\":{\"@type\":\"ImageObject\",\"inLanguage\":\"de\",\"@id\":\"https:\\\/\\\/belectric.com\\\/de\\\/#\\\/schema\\\/logo\\\/image\\\/\",\"url\":\"https:\\\/\\\/belectric.com\\\/wp-content\\\/uploads\\\/2023\\\/09\\\/belectric_member_logo_rgb.svg\",\"contentUrl\":\"https:\\\/\\\/belectric.com\\\/wp-content\\\/uploads\\\/2023\\\/09\\\/belectric_member_logo_rgb.svg\",\"width\":805,\"height\":100,\"caption\":\"BELECTRIC\"},\"image\":{\"@id\":\"https:\\\/\\\/belectric.com\\\/de\\\/#\\\/schema\\\/logo\\\/image\\\/\"},\"sameAs\":[\"https:\\\/\\\/www.facebook.com\\\/belectric.solar\\\/\",\"https:\\\/\\\/www.xing.com\\\/pages\\\/belectric\",\"https:\\\/\\\/www.linkedin.com\\\/company\\\/belectric-gmbh\\\/\",\"https:\\\/\\\/www.instagram.com\\\/belectric_solar\\\/\",\"https:\\\/\\\/www.youtube.com\\\/@BELECTRIC_GmbH\\\/videos\"]},{\"@type\":\"Person\",\"@id\":\"https:\\\/\\\/belectric.com\\\/de\\\/#\\\/schema\\\/person\\\/30384acb5917d1b35a4b29bcecb3e0b6\",\"name\":\"Kreativteam\"}]}<\/script>\n<!-- \/ Yoast SEO plugin. -->","yoast_head_json":{"title":"#teambelectric: Deine Ausbildung in der Solarbranche \ud83d\ude80\u2600\ufe0f","description":"Starte deine Karriere bei BELECTRIC: IT-, Elektro- und kaufm\u00e4nnische Ausbildungsprogramme mit Praxisbezug und Teamgeist.","robots":{"index":"index","follow":"follow","max-snippet":"max-snippet:-1","max-image-preview":"max-image-preview:large","max-video-preview":"max-video-preview:-1"},"canonical":"https:\/\/belectric.com\/de\/ob-ausbildung-oder-duales-studium-starte-durch-im-teambelectric-%f0%9f%9a%80%e2%98%80%ef%b8%8f\/","og_locale":"de_DE","og_type":"article","og_title":"#teambelectric: Deine Ausbildung in der Solarbranche \ud83d\ude80\u2600\ufe0f","og_description":"Starte deine Karriere bei BELECTRIC: IT-, Elektro- und kaufm\u00e4nnische Ausbildungsprogramme mit Praxisbezug und Teamgeist.","og_url":"https:\/\/belectric.com\/de\/ob-ausbildung-oder-duales-studium-starte-durch-im-teambelectric-%f0%9f%9a%80%e2%98%80%ef%b8%8f\/","og_site_name":"BELECTRIC","article_publisher":"https:\/\/www.facebook.com\/belectric.solar\/","article_published_time":"2025-05-02T07:00:24+00:00","article_modified_time":"2025-05-02T08:24:29+00:00","og_image":[{"width":1080,"height":1350,"url":"https:\/\/belectric.com\/wp-content\/uploads\/2025\/05\/2025_KW18_belectric_azubi_1-1.jpg","type":"image\/jpeg"}],"author":"Kreativteam","twitter_card":"summary_large_image","twitter_misc":{"Verfasst von":"Kreativteam","Gesch\u00e4tzte Lesezeit":"2\u00a0Minuten"},"schema":{"@context":"https:\/\/schema.org","@graph":[{"@type":"Article","@id":"https:\/\/belectric.com\/de\/ob-ausbildung-oder-duales-studium-starte-durch-im-teambelectric-%f0%9f%9a%80%e2%98%80%ef%b8%8f\/#article","isPartOf":{"@id":"https:\/\/belectric.com\/de\/ob-ausbildung-oder-duales-studium-starte-durch-im-teambelectric-%f0%9f%9a%80%e2%98%80%ef%b8%8f\/"},"author":{"name":"Kreativteam","@id":"https:\/\/belectric.com\/de\/#\/schema\/person\/30384acb5917d1b35a4b29bcecb3e0b6"},"headline":"Ob Ausbildung oder duales Studium: Starte durch im #teambelectric! \ud83d\ude80\u2600\ufe0f","datePublished":"2025-05-02T07:00:24+00:00","dateModified":"2025-05-02T08:24:29+00:00","mainEntityOfPage":{"@id":"https:\/\/belectric.com\/de\/ob-ausbildung-oder-duales-studium-starte-durch-im-teambelectric-%f0%9f%9a%80%e2%98%80%ef%b8%8f\/"},"wordCount":140,"publisher":{"@id":"https:\/\/belectric.com\/de\/#organization"},"image":{"@id":"https:\/\/belectric.com\/de\/ob-ausbildung-oder-duales-studium-starte-durch-im-teambelectric-%f0%9f%9a%80%e2%98%80%ef%b8%8f\/#primaryimage"},"thumbnailUrl":"https:\/\/belectric.com\/wp-content\/uploads\/2025\/05\/2025_KW18_belectric_azubi_1-1.jpg","articleSection":["Social Media Wall"],"inLanguage":"de"},{"@type":"WebPage","@id":"https:\/\/belectric.com\/de\/ob-ausbildung-oder-duales-studium-starte-durch-im-teambelectric-%f0%9f%9a%80%e2%98%80%ef%b8%8f\/","url":"https:\/\/belectric.com\/de\/ob-ausbildung-oder-duales-studium-starte-durch-im-teambelectric-%f0%9f%9a%80%e2%98%80%ef%b8%8f\/","name":"#teambelectric: Deine Ausbildung in der Solarbranche \ud83d\ude80\u2600\ufe0f","isPartOf":{"@id":"https:\/\/belectric.com\/de\/#website"},"primaryImageOfPage":{"@id":"https:\/\/belectric.com\/de\/ob-ausbildung-oder-duales-studium-starte-durch-im-teambelectric-%f0%9f%9a%80%e2%98%80%ef%b8%8f\/#primaryimage"},"image":{"@id":"https:\/\/belectric.com\/de\/ob-ausbildung-oder-duales-studium-starte-durch-im-teambelectric-%f0%9f%9a%80%e2%98%80%ef%b8%8f\/#primaryimage"},"thumbnailUrl":"https:\/\/belectric.com\/wp-content\/uploads\/2025\/05\/2025_KW18_belectric_azubi_1-1.jpg","datePublished":"2025-05-02T07:00:24+00:00","dateModified":"2025-05-02T08:24:29+00:00","description":"Starte deine Karriere bei BELECTRIC: IT-, Elektro- und kaufm\u00e4nnische Ausbildungsprogramme mit Praxisbezug und Teamgeist.","breadcrumb":{"@id":"https:\/\/belectric.com\/de\/ob-ausbildung-oder-duales-studium-starte-durch-im-teambelectric-%f0%9f%9a%80%e2%98%80%ef%b8%8f\/#breadcrumb"},"inLanguage":"de","potentialAction":[{"@type":"ReadAction","target":["https:\/\/belectric.com\/de\/ob-ausbildung-oder-duales-studium-starte-durch-im-teambelectric-%f0%9f%9a%80%e2%98%80%ef%b8%8f\/"]}]},{"@type":"ImageObject","inLanguage":"de","@id":"https:\/\/belectric.com\/de\/ob-ausbildung-oder-duales-studium-starte-durch-im-teambelectric-%f0%9f%9a%80%e2%98%80%ef%b8%8f\/#primaryimage","url":"https:\/\/belectric.com\/wp-content\/uploads\/2025\/05\/2025_KW18_belectric_azubi_1-1.jpg","contentUrl":"https:\/\/belectric.com\/wp-content\/uploads\/2025\/05\/2025_KW18_belectric_azubi_1-1.jpg","width":1080,"height":1350},{"@type":"BreadcrumbList","@id":"https:\/\/belectric.com\/de\/ob-ausbildung-oder-duales-studium-starte-durch-im-teambelectric-%f0%9f%9a%80%e2%98%80%ef%b8%8f\/#breadcrumb","itemListElement":[{"@type":"ListItem","position":1,"name":"Startseite","item":"https:\/\/belectric.com\/de\/"},{"@type":"ListItem","position":2,"name":"Ob Ausbildung oder duales Studium: Starte durch im #teambelectric! \ud83d\ude80\u2600\ufe0f"}]},{"@type":"WebSite","@id":"https:\/\/belectric.com\/de\/#website","url":"https:\/\/belectric.com\/de\/","name":"BELECTRIC","description":"360\u00b0 solution for ground-mounted solar power plants","publisher":{"@id":"https:\/\/belectric.com\/de\/#organization"},"potentialAction":[{"@type":"SearchAction","target":{"@type":"EntryPoint","urlTemplate":"https:\/\/belectric.com\/de\/?s={search_term_string}"},"query-input":{"@type":"PropertyValueSpecification","valueRequired":true,"valueName":"search_term_string"}}],"inLanguage":"de"},{"@type":"Organization","@id":"https:\/\/belectric.com\/de\/#organization","name":"BELECTRIC","url":"https:\/\/belectric.com\/de\/","logo":{"@type":"ImageObject","inLanguage":"de","@id":"https:\/\/belectric.com\/de\/#\/schema\/logo\/image\/","url":"https:\/\/belectric.com\/wp-content\/uploads\/2023\/09\/belectric_member_logo_rgb.svg","contentUrl":"https:\/\/belectric.com\/wp-content\/uploads\/2023\/09\/belectric_member_logo_rgb.svg","width":805,"height":100,"caption":"BELECTRIC"},"image":{"@id":"https:\/\/belectric.com\/de\/#\/schema\/logo\/image\/"},"sameAs":["https:\/\/www.facebook.com\/belectric.solar\/","https:\/\/www.xing.com\/pages\/belectric","https:\/\/www.linkedin.com\/company\/belectric-gmbh\/","https:\/\/www.instagram.com\/belectric_solar\/","https:\/\/www.youtube.com\/@BELECTRIC_GmbH\/videos"]},{"@type":"Person","@id":"https:\/\/belectric.com\/de\/#\/schema\/person\/30384acb5917d1b35a4b29bcecb3e0b6","name":"Kreativteam"}]}},"_links":{"self":[{"href":"https:\/\/belectric.com\/de\/wp-json\/wp\/v2\/posts\/12214","targetHints":{"allow":["GET"]}}],"collection":[{"href":"https:\/\/belectric.com\/de\/wp-json\/wp\/v2\/posts"}],"about":[{"href":"https:\/\/belectric.com\/de\/wp-json\/wp\/v2\/types\/post"}],"author":[{"embeddable":true,"href":"https:\/\/belectric.com\/de\/wp-json\/wp\/v2\/users\/9"}],"replies":[{"embeddable":true,"href":"https:\/\/belectric.com\/de\/wp-json\/wp\/v2\/comments?post=12214"}],"version-history":[{"count":2,"href":"https:\/\/belectric.com\/de\/wp-json\/wp\/v2\/posts\/12214\/revisions"}],"predecessor-version":[{"id":12228,"href":"https:\/\/belectric.com\/de\/wp-json\/wp\/v2\/posts\/12214\/revisions\/12228"}],"wp:featuredmedia":[{"embeddable":true,"href":"https:\/\/belectric.com\/de\/wp-json\/wp\/v2\/media\/12221"}],"wp:attachment":[{"href":"https:\/\/belectric.com\/de\/wp-json\/wp\/v2\/media?parent=12214"}],"wp:term":[{"taxonomy":"category","embeddable":true,"href":"https:\/\/belectric.com\/de\/wp-json\/wp\/v2\/categories?post=12214"},{"taxonomy":"post_tag","embeddable":true,"href":"https:\/\/belectric.com\/de\/wp-json\/wp\/v2\/tags?post=12214"}],"curies":[{"name":"wp","href":"https:\/\/api.w.org\/{rel}","templated":true}]}}