{"id":12847,"date":"2025-06-24T09:45:49","date_gmt":"2025-06-24T07:45:49","guid":{"rendered":"https:\/\/belectric.com\/?p=12847"},"modified":"2025-06-24T09:48:44","modified_gmt":"2025-06-24T07:48:44","slug":"baustellenluft-schnuppern-zahlreiche-besucherinnen-am-dag-van-de-bouw-in-eekerpolder-%f0%9f%98%8d%f0%9f%9a%a7%e2%98%80%ef%b8%8f","status":"publish","type":"post","link":"https:\/\/belectric.com\/de\/baustellenluft-schnuppern-zahlreiche-besucherinnen-am-dag-van-de-bouw-in-eekerpolder-%f0%9f%98%8d%f0%9f%9a%a7%e2%98%80%ef%b8%8f\/","title":{"rendered":"Baustellenluft schnuppern: Zahlreiche Besucher*innen am \u201eDag van de Bouw\u201c in Eekerpolder \ud83d\ude0d\ud83d\udea7\u2600\ufe0f"},"content":{"rendered":"\n<p>Am Samstag nutzten viele Interessent*innen die Gelegenheit, einen Blick hinter die Kulissen unserer Gro\u00dfbaustelle Eekerpolder in den Niederlanden zu werfen. Gemeinsam mit unserem Kunden Novar haben wir die Z\u00e4une ge\u00f6ffnet und der Allgemeinheit einen einzigartigen Einblick in den Bau des 192-Megawatt-Projektes gew\u00e4hrt.<\/p>\n\n\n\n<p>Neben einer gef\u00fchrten Tour \u00fcber die Baustelle und Informationen rund um den Konstruktionsprozess eines Solarparks durften auch Aktivit\u00e4ten f\u00fcr Gro\u00df und Klein nicht fehlen. Wir bedanken uns bei allen Besucher*innen f\u00fcr ihr gro\u00dfes Interesse und bei Novar f\u00fcr die reibungslose Zusammenarbeit sowie die sch\u00f6nen Fotos! \ud83e\udd1d<\/p>\n\n\n\n<figure class=\"wp-block-image size-large\"><img loading=\"lazy\" decoding=\"async\" width=\"1024\" height=\"696\" src=\"https:\/\/belectric.com\/wp-content\/uploads\/2025\/06\/250624_DagVanDeBouw_Insta-1024x696.jpg\" alt=\"\" class=\"wp-image-12824\" srcset=\"https:\/\/belectric.com\/wp-content\/uploads\/2025\/06\/250624_DagVanDeBouw_Insta-1024x696.jpg 1024w, https:\/\/belectric.com\/wp-content\/uploads\/2025\/06\/250624_DagVanDeBouw_Insta-300x204.jpg 300w, https:\/\/belectric.com\/wp-content\/uploads\/2025\/06\/250624_DagVanDeBouw_Insta-768x522.jpg 768w, https:\/\/belectric.com\/wp-content\/uploads\/2025\/06\/250624_DagVanDeBouw_Insta-1536x1044.jpg 1536w, https:\/\/belectric.com\/wp-content\/uploads\/2025\/06\/250624_DagVanDeBouw_Insta-2048x1392.jpg 2048w\" sizes=\"auto, (max-width: 1024px) 100vw, 1024px\" \/><\/figure>\n\n\n\n<figure class=\"wp-block-image size-large\"><img loading=\"lazy\" decoding=\"async\" width=\"1024\" height=\"696\" src=\"https:\/\/belectric.com\/wp-content\/uploads\/2025\/06\/250624_DagVanDeBouw_02_Insta-1024x696.jpg\" alt=\"\" class=\"wp-image-12830\" srcset=\"https:\/\/belectric.com\/wp-content\/uploads\/2025\/06\/250624_DagVanDeBouw_02_Insta-1024x696.jpg 1024w, https:\/\/belectric.com\/wp-content\/uploads\/2025\/06\/250624_DagVanDeBouw_02_Insta-300x204.jpg 300w, https:\/\/belectric.com\/wp-content\/uploads\/2025\/06\/250624_DagVanDeBouw_02_Insta-768x522.jpg 768w, https:\/\/belectric.com\/wp-content\/uploads\/2025\/06\/250624_DagVanDeBouw_02_Insta-1536x1044.jpg 1536w, https:\/\/belectric.com\/wp-content\/uploads\/2025\/06\/250624_DagVanDeBouw_02_Insta-2048x1393.jpg 2048w\" sizes=\"auto, (max-width: 1024px) 100vw, 1024px\" \/><\/figure>\n\n\n\n<figure class=\"wp-block-image size-large\"><img loading=\"lazy\" decoding=\"async\" width=\"1024\" height=\"696\" src=\"https:\/\/belectric.com\/wp-content\/uploads\/2025\/06\/250624_DagVanDeBouw_03_Insta-1024x696.jpg\" alt=\"\" class=\"wp-image-12836\" srcset=\"https:\/\/belectric.com\/wp-content\/uploads\/2025\/06\/250624_DagVanDeBouw_03_Insta-1024x696.jpg 1024w, https:\/\/belectric.com\/wp-content\/uploads\/2025\/06\/250624_DagVanDeBouw_03_Insta-300x204.jpg 300w, https:\/\/belectric.com\/wp-content\/uploads\/2025\/06\/250624_DagVanDeBouw_03_Insta-768x522.jpg 768w, https:\/\/belectric.com\/wp-content\/uploads\/2025\/06\/250624_DagVanDeBouw_03_Insta-1536x1044.jpg 1536w, https:\/\/belectric.com\/wp-content\/uploads\/2025\/06\/250624_DagVanDeBouw_03_Insta-2048x1393.jpg 2048w\" sizes=\"auto, (max-width: 1024px) 100vw, 1024px\" \/><\/figure>\n\n\n\n<figure class=\"wp-block-image size-large\"><img loading=\"lazy\" decoding=\"async\" width=\"1024\" height=\"696\" src=\"https:\/\/belectric.com\/wp-content\/uploads\/2025\/06\/250624_DagVanDeBouw_05_Insta-1024x696.jpg\" alt=\"\" class=\"wp-image-12842\" srcset=\"https:\/\/belectric.com\/wp-content\/uploads\/2025\/06\/250624_DagVanDeBouw_05_Insta-1024x696.jpg 1024w, https:\/\/belectric.com\/wp-content\/uploads\/2025\/06\/250624_DagVanDeBouw_05_Insta-300x204.jpg 300w, https:\/\/belectric.com\/wp-content\/uploads\/2025\/06\/250624_DagVanDeBouw_05_Insta-768x522.jpg 768w, https:\/\/belectric.com\/wp-content\/uploads\/2025\/06\/250624_DagVanDeBouw_05_Insta-1536x1045.jpg 1536w, https:\/\/belectric.com\/wp-content\/uploads\/2025\/06\/250624_DagVanDeBouw_05_Insta-2048x1393.jpg 2048w\" sizes=\"auto, (max-width: 1024px) 100vw, 1024px\" \/><\/figure>\n","protected":false},"excerpt":{"rendered":"<p>Am Samstag nutzten viele Interessent*innen die Gelegenheit, einen Blick hinter die Kulissen unserer Gro\u00dfbaustelle Eekerpolder in den Niederlanden zu werfen. Gemeinsam mit unserem Kunden Novar haben wir die Z\u00e4une ge\u00f6ffnet und der Allgemeinheit einen einzigartigen Einblick in den Bau des 192-Megawatt-Projektes gew\u00e4hrt. Neben einer gef\u00fchrten Tour \u00fcber die Baustelle und Informationen rund um den Konstruktionsprozess&#8230;<\/p>\n","protected":false},"author":4,"featured_media":12824,"comment_status":"closed","ping_status":"closed","sticky":false,"template":"","format":"standard","meta":{"_acf_changed":false,"footnotes":""},"categories":[102],"tags":[],"class_list":["post-12847","post","type-post","status-publish","format-standard","has-post-thumbnail","hentry","category-social-media-wall-de"],"acf":[],"yoast_head":"<!-- This site is optimized with the Yoast SEO plugin v27.5 - https:\/\/yoast.com\/product\/yoast-seo-wordpress\/ -->\n<title>Baustellenluft schnuppern: Zahlreiche Besucher*innen am \u201eDag van de Bouw\u201c in Eekerpolder \ud83d\ude0d\ud83d\udea7\u2600\ufe0f - BELECTRIC<\/title>\n<meta name=\"description\" content=\"BELECTRIC empfing am &quot;Dag van de Bouw&quot; auf seiner Baustelle Eekerpolder in den Niederlanden viele Besucherinnen und Besucher.\" \/>\n<meta name=\"robots\" content=\"index, follow, max-snippet:-1, max-image-preview:large, max-video-preview:-1\" \/>\n<link rel=\"canonical\" href=\"https:\/\/belectric.com\/de\/baustellenluft-schnuppern-zahlreiche-besucherinnen-am-dag-van-de-bouw-in-eekerpolder-%f0%9f%98%8d%f0%9f%9a%a7%e2%98%80%ef%b8%8f\/\" \/>\n<meta property=\"og:locale\" content=\"de_DE\" \/>\n<meta property=\"og:type\" content=\"article\" \/>\n<meta property=\"og:title\" content=\"Baustellenluft schnuppern: Zahlreiche Besucher*innen am \u201eDag van de Bouw\u201c in Eekerpolder \ud83d\ude0d\ud83d\udea7\u2600\ufe0f - BELECTRIC\" \/>\n<meta property=\"og:description\" content=\"BELECTRIC empfing am &quot;Dag van de Bouw&quot; auf seiner Baustelle Eekerpolder in den Niederlanden viele Besucherinnen und Besucher.\" \/>\n<meta property=\"og:url\" content=\"https:\/\/belectric.com\/de\/baustellenluft-schnuppern-zahlreiche-besucherinnen-am-dag-van-de-bouw-in-eekerpolder-%f0%9f%98%8d%f0%9f%9a%a7%e2%98%80%ef%b8%8f\/\" \/>\n<meta property=\"og:site_name\" content=\"BELECTRIC\" \/>\n<meta property=\"article:publisher\" content=\"https:\/\/www.facebook.com\/belectric.solar\/\" \/>\n<meta property=\"article:published_time\" content=\"2025-06-24T07:45:49+00:00\" \/>\n<meta property=\"article:modified_time\" content=\"2025-06-24T07:48:44+00:00\" \/>\n<meta property=\"og:image\" content=\"https:\/\/belectric.com\/wp-content\/uploads\/2025\/06\/250624_DagVanDeBouw_Insta.jpg\" \/>\n\t<meta property=\"og:image:width\" content=\"2268\" \/>\n\t<meta property=\"og:image:height\" content=\"1542\" \/>\n\t<meta property=\"og:image:type\" content=\"image\/jpeg\" \/>\n<meta name=\"author\" content=\"Luisa M\u00fcller\" \/>\n<meta name=\"twitter:card\" content=\"summary_large_image\" \/>\n<meta name=\"twitter:label1\" content=\"Verfasst von\" \/>\n\t<meta name=\"twitter:data1\" content=\"Luisa M\u00fcller\" \/>\n\t<meta name=\"twitter:label2\" content=\"Gesch\u00e4tzte Lesezeit\" \/>\n\t<meta name=\"twitter:data2\" content=\"2\u00a0Minuten\" \/>\n<script type=\"application\/ld+json\" class=\"yoast-schema-graph\">{\"@context\":\"https:\\\/\\\/schema.org\",\"@graph\":[{\"@type\":\"Article\",\"@id\":\"https:\\\/\\\/belectric.com\\\/de\\\/baustellenluft-schnuppern-zahlreiche-besucherinnen-am-dag-van-de-bouw-in-eekerpolder-%f0%9f%98%8d%f0%9f%9a%a7%e2%98%80%ef%b8%8f\\\/#article\",\"isPartOf\":{\"@id\":\"https:\\\/\\\/belectric.com\\\/de\\\/baustellenluft-schnuppern-zahlreiche-besucherinnen-am-dag-van-de-bouw-in-eekerpolder-%f0%9f%98%8d%f0%9f%9a%a7%e2%98%80%ef%b8%8f\\\/\"},\"author\":{\"name\":\"Luisa M\u00fcller\",\"@id\":\"https:\\\/\\\/belectric.com\\\/de\\\/#\\\/schema\\\/person\\\/b526d8f3aef97a0d417f672f63abe647\"},\"headline\":\"Baustellenluft schnuppern: Zahlreiche Besucher*innen am \u201eDag van de Bouw\u201c in Eekerpolder \ud83d\ude0d\ud83d\udea7\u2600\ufe0f\",\"datePublished\":\"2025-06-24T07:45:49+00:00\",\"dateModified\":\"2025-06-24T07:48:44+00:00\",\"mainEntityOfPage\":{\"@id\":\"https:\\\/\\\/belectric.com\\\/de\\\/baustellenluft-schnuppern-zahlreiche-besucherinnen-am-dag-van-de-bouw-in-eekerpolder-%f0%9f%98%8d%f0%9f%9a%a7%e2%98%80%ef%b8%8f\\\/\"},\"wordCount\":112,\"publisher\":{\"@id\":\"https:\\\/\\\/belectric.com\\\/de\\\/#organization\"},\"image\":{\"@id\":\"https:\\\/\\\/belectric.com\\\/de\\\/baustellenluft-schnuppern-zahlreiche-besucherinnen-am-dag-van-de-bouw-in-eekerpolder-%f0%9f%98%8d%f0%9f%9a%a7%e2%98%80%ef%b8%8f\\\/#primaryimage\"},\"thumbnailUrl\":\"https:\\\/\\\/belectric.com\\\/wp-content\\\/uploads\\\/2025\\\/06\\\/250624_DagVanDeBouw_Insta.jpg\",\"articleSection\":[\"Social Media Wall\"],\"inLanguage\":\"de\"},{\"@type\":\"WebPage\",\"@id\":\"https:\\\/\\\/belectric.com\\\/de\\\/baustellenluft-schnuppern-zahlreiche-besucherinnen-am-dag-van-de-bouw-in-eekerpolder-%f0%9f%98%8d%f0%9f%9a%a7%e2%98%80%ef%b8%8f\\\/\",\"url\":\"https:\\\/\\\/belectric.com\\\/de\\\/baustellenluft-schnuppern-zahlreiche-besucherinnen-am-dag-van-de-bouw-in-eekerpolder-%f0%9f%98%8d%f0%9f%9a%a7%e2%98%80%ef%b8%8f\\\/\",\"name\":\"Baustellenluft schnuppern: Zahlreiche Besucher*innen am \u201eDag van de Bouw\u201c in Eekerpolder \ud83d\ude0d\ud83d\udea7\u2600\ufe0f - BELECTRIC\",\"isPartOf\":{\"@id\":\"https:\\\/\\\/belectric.com\\\/de\\\/#website\"},\"primaryImageOfPage\":{\"@id\":\"https:\\\/\\\/belectric.com\\\/de\\\/baustellenluft-schnuppern-zahlreiche-besucherinnen-am-dag-van-de-bouw-in-eekerpolder-%f0%9f%98%8d%f0%9f%9a%a7%e2%98%80%ef%b8%8f\\\/#primaryimage\"},\"image\":{\"@id\":\"https:\\\/\\\/belectric.com\\\/de\\\/baustellenluft-schnuppern-zahlreiche-besucherinnen-am-dag-van-de-bouw-in-eekerpolder-%f0%9f%98%8d%f0%9f%9a%a7%e2%98%80%ef%b8%8f\\\/#primaryimage\"},\"thumbnailUrl\":\"https:\\\/\\\/belectric.com\\\/wp-content\\\/uploads\\\/2025\\\/06\\\/250624_DagVanDeBouw_Insta.jpg\",\"datePublished\":\"2025-06-24T07:45:49+00:00\",\"dateModified\":\"2025-06-24T07:48:44+00:00\",\"description\":\"BELECTRIC empfing am \\\"Dag van de Bouw\\\" auf seiner Baustelle Eekerpolder in den Niederlanden viele Besucherinnen und Besucher.\",\"breadcrumb\":{\"@id\":\"https:\\\/\\\/belectric.com\\\/de\\\/baustellenluft-schnuppern-zahlreiche-besucherinnen-am-dag-van-de-bouw-in-eekerpolder-%f0%9f%98%8d%f0%9f%9a%a7%e2%98%80%ef%b8%8f\\\/#breadcrumb\"},\"inLanguage\":\"de\",\"potentialAction\":[{\"@type\":\"ReadAction\",\"target\":[\"https:\\\/\\\/belectric.com\\\/de\\\/baustellenluft-schnuppern-zahlreiche-besucherinnen-am-dag-van-de-bouw-in-eekerpolder-%f0%9f%98%8d%f0%9f%9a%a7%e2%98%80%ef%b8%8f\\\/\"]}]},{\"@type\":\"ImageObject\",\"inLanguage\":\"de\",\"@id\":\"https:\\\/\\\/belectric.com\\\/de\\\/baustellenluft-schnuppern-zahlreiche-besucherinnen-am-dag-van-de-bouw-in-eekerpolder-%f0%9f%98%8d%f0%9f%9a%a7%e2%98%80%ef%b8%8f\\\/#primaryimage\",\"url\":\"https:\\\/\\\/belectric.com\\\/wp-content\\\/uploads\\\/2025\\\/06\\\/250624_DagVanDeBouw_Insta.jpg\",\"contentUrl\":\"https:\\\/\\\/belectric.com\\\/wp-content\\\/uploads\\\/2025\\\/06\\\/250624_DagVanDeBouw_Insta.jpg\",\"width\":2268,\"height\":1542,\"caption\":\"Visitors are pulled to the site in a carriage pulled by a tractor.\"},{\"@type\":\"BreadcrumbList\",\"@id\":\"https:\\\/\\\/belectric.com\\\/de\\\/baustellenluft-schnuppern-zahlreiche-besucherinnen-am-dag-van-de-bouw-in-eekerpolder-%f0%9f%98%8d%f0%9f%9a%a7%e2%98%80%ef%b8%8f\\\/#breadcrumb\",\"itemListElement\":[{\"@type\":\"ListItem\",\"position\":1,\"name\":\"Startseite\",\"item\":\"https:\\\/\\\/belectric.com\\\/de\\\/\"},{\"@type\":\"ListItem\",\"position\":2,\"name\":\"Baustellenluft schnuppern: Zahlreiche Besucher*innen am \u201eDag van de Bouw\u201c in Eekerpolder \ud83d\ude0d\ud83d\udea7\u2600\ufe0f\"}]},{\"@type\":\"WebSite\",\"@id\":\"https:\\\/\\\/belectric.com\\\/de\\\/#website\",\"url\":\"https:\\\/\\\/belectric.com\\\/de\\\/\",\"name\":\"BELECTRIC\",\"description\":\"360\u00b0 solution for ground-mounted solar power plants\",\"publisher\":{\"@id\":\"https:\\\/\\\/belectric.com\\\/de\\\/#organization\"},\"potentialAction\":[{\"@type\":\"SearchAction\",\"target\":{\"@type\":\"EntryPoint\",\"urlTemplate\":\"https:\\\/\\\/belectric.com\\\/de\\\/?s={search_term_string}\"},\"query-input\":{\"@type\":\"PropertyValueSpecification\",\"valueRequired\":true,\"valueName\":\"search_term_string\"}}],\"inLanguage\":\"de\"},{\"@type\":\"Organization\",\"@id\":\"https:\\\/\\\/belectric.com\\\/de\\\/#organization\",\"name\":\"BELECTRIC\",\"url\":\"https:\\\/\\\/belectric.com\\\/de\\\/\",\"logo\":{\"@type\":\"ImageObject\",\"inLanguage\":\"de\",\"@id\":\"https:\\\/\\\/belectric.com\\\/de\\\/#\\\/schema\\\/logo\\\/image\\\/\",\"url\":\"https:\\\/\\\/belectric.com\\\/wp-content\\\/uploads\\\/2023\\\/09\\\/belectric_member_logo_rgb.svg\",\"contentUrl\":\"https:\\\/\\\/belectric.com\\\/wp-content\\\/uploads\\\/2023\\\/09\\\/belectric_member_logo_rgb.svg\",\"width\":805,\"height\":100,\"caption\":\"BELECTRIC\"},\"image\":{\"@id\":\"https:\\\/\\\/belectric.com\\\/de\\\/#\\\/schema\\\/logo\\\/image\\\/\"},\"sameAs\":[\"https:\\\/\\\/www.facebook.com\\\/belectric.solar\\\/\",\"https:\\\/\\\/www.xing.com\\\/pages\\\/belectric\",\"https:\\\/\\\/www.linkedin.com\\\/company\\\/belectric-gmbh\\\/\",\"https:\\\/\\\/www.instagram.com\\\/belectric_solar\\\/\",\"https:\\\/\\\/www.youtube.com\\\/@BELECTRIC_GmbH\\\/videos\"]},{\"@type\":\"Person\",\"@id\":\"https:\\\/\\\/belectric.com\\\/de\\\/#\\\/schema\\\/person\\\/b526d8f3aef97a0d417f672f63abe647\",\"name\":\"Luisa M\u00fcller\"}]}<\/script>\n<!-- \/ Yoast SEO plugin. -->","yoast_head_json":{"title":"Baustellenluft schnuppern: Zahlreiche Besucher*innen am \u201eDag van de Bouw\u201c in Eekerpolder \ud83d\ude0d\ud83d\udea7\u2600\ufe0f - BELECTRIC","description":"BELECTRIC empfing am \"Dag van de Bouw\" auf seiner Baustelle Eekerpolder in den Niederlanden viele Besucherinnen und Besucher.","robots":{"index":"index","follow":"follow","max-snippet":"max-snippet:-1","max-image-preview":"max-image-preview:large","max-video-preview":"max-video-preview:-1"},"canonical":"https:\/\/belectric.com\/de\/baustellenluft-schnuppern-zahlreiche-besucherinnen-am-dag-van-de-bouw-in-eekerpolder-%f0%9f%98%8d%f0%9f%9a%a7%e2%98%80%ef%b8%8f\/","og_locale":"de_DE","og_type":"article","og_title":"Baustellenluft schnuppern: Zahlreiche Besucher*innen am \u201eDag van de Bouw\u201c in Eekerpolder \ud83d\ude0d\ud83d\udea7\u2600\ufe0f - BELECTRIC","og_description":"BELECTRIC empfing am \"Dag van de Bouw\" auf seiner Baustelle Eekerpolder in den Niederlanden viele Besucherinnen und Besucher.","og_url":"https:\/\/belectric.com\/de\/baustellenluft-schnuppern-zahlreiche-besucherinnen-am-dag-van-de-bouw-in-eekerpolder-%f0%9f%98%8d%f0%9f%9a%a7%e2%98%80%ef%b8%8f\/","og_site_name":"BELECTRIC","article_publisher":"https:\/\/www.facebook.com\/belectric.solar\/","article_published_time":"2025-06-24T07:45:49+00:00","article_modified_time":"2025-06-24T07:48:44+00:00","og_image":[{"width":2268,"height":1542,"url":"https:\/\/belectric.com\/wp-content\/uploads\/2025\/06\/250624_DagVanDeBouw_Insta.jpg","type":"image\/jpeg"}],"author":"Luisa M\u00fcller","twitter_card":"summary_large_image","twitter_misc":{"Verfasst von":"Luisa M\u00fcller","Gesch\u00e4tzte Lesezeit":"2\u00a0Minuten"},"schema":{"@context":"https:\/\/schema.org","@graph":[{"@type":"Article","@id":"https:\/\/belectric.com\/de\/baustellenluft-schnuppern-zahlreiche-besucherinnen-am-dag-van-de-bouw-in-eekerpolder-%f0%9f%98%8d%f0%9f%9a%a7%e2%98%80%ef%b8%8f\/#article","isPartOf":{"@id":"https:\/\/belectric.com\/de\/baustellenluft-schnuppern-zahlreiche-besucherinnen-am-dag-van-de-bouw-in-eekerpolder-%f0%9f%98%8d%f0%9f%9a%a7%e2%98%80%ef%b8%8f\/"},"author":{"name":"Luisa M\u00fcller","@id":"https:\/\/belectric.com\/de\/#\/schema\/person\/b526d8f3aef97a0d417f672f63abe647"},"headline":"Baustellenluft schnuppern: Zahlreiche Besucher*innen am \u201eDag van de Bouw\u201c in Eekerpolder \ud83d\ude0d\ud83d\udea7\u2600\ufe0f","datePublished":"2025-06-24T07:45:49+00:00","dateModified":"2025-06-24T07:48:44+00:00","mainEntityOfPage":{"@id":"https:\/\/belectric.com\/de\/baustellenluft-schnuppern-zahlreiche-besucherinnen-am-dag-van-de-bouw-in-eekerpolder-%f0%9f%98%8d%f0%9f%9a%a7%e2%98%80%ef%b8%8f\/"},"wordCount":112,"publisher":{"@id":"https:\/\/belectric.com\/de\/#organization"},"image":{"@id":"https:\/\/belectric.com\/de\/baustellenluft-schnuppern-zahlreiche-besucherinnen-am-dag-van-de-bouw-in-eekerpolder-%f0%9f%98%8d%f0%9f%9a%a7%e2%98%80%ef%b8%8f\/#primaryimage"},"thumbnailUrl":"https:\/\/belectric.com\/wp-content\/uploads\/2025\/06\/250624_DagVanDeBouw_Insta.jpg","articleSection":["Social Media Wall"],"inLanguage":"de"},{"@type":"WebPage","@id":"https:\/\/belectric.com\/de\/baustellenluft-schnuppern-zahlreiche-besucherinnen-am-dag-van-de-bouw-in-eekerpolder-%f0%9f%98%8d%f0%9f%9a%a7%e2%98%80%ef%b8%8f\/","url":"https:\/\/belectric.com\/de\/baustellenluft-schnuppern-zahlreiche-besucherinnen-am-dag-van-de-bouw-in-eekerpolder-%f0%9f%98%8d%f0%9f%9a%a7%e2%98%80%ef%b8%8f\/","name":"Baustellenluft schnuppern: Zahlreiche Besucher*innen am \u201eDag van de Bouw\u201c in Eekerpolder \ud83d\ude0d\ud83d\udea7\u2600\ufe0f - BELECTRIC","isPartOf":{"@id":"https:\/\/belectric.com\/de\/#website"},"primaryImageOfPage":{"@id":"https:\/\/belectric.com\/de\/baustellenluft-schnuppern-zahlreiche-besucherinnen-am-dag-van-de-bouw-in-eekerpolder-%f0%9f%98%8d%f0%9f%9a%a7%e2%98%80%ef%b8%8f\/#primaryimage"},"image":{"@id":"https:\/\/belectric.com\/de\/baustellenluft-schnuppern-zahlreiche-besucherinnen-am-dag-van-de-bouw-in-eekerpolder-%f0%9f%98%8d%f0%9f%9a%a7%e2%98%80%ef%b8%8f\/#primaryimage"},"thumbnailUrl":"https:\/\/belectric.com\/wp-content\/uploads\/2025\/06\/250624_DagVanDeBouw_Insta.jpg","datePublished":"2025-06-24T07:45:49+00:00","dateModified":"2025-06-24T07:48:44+00:00","description":"BELECTRIC empfing am \"Dag van de Bouw\" auf seiner Baustelle Eekerpolder in den Niederlanden viele Besucherinnen und Besucher.","breadcrumb":{"@id":"https:\/\/belectric.com\/de\/baustellenluft-schnuppern-zahlreiche-besucherinnen-am-dag-van-de-bouw-in-eekerpolder-%f0%9f%98%8d%f0%9f%9a%a7%e2%98%80%ef%b8%8f\/#breadcrumb"},"inLanguage":"de","potentialAction":[{"@type":"ReadAction","target":["https:\/\/belectric.com\/de\/baustellenluft-schnuppern-zahlreiche-besucherinnen-am-dag-van-de-bouw-in-eekerpolder-%f0%9f%98%8d%f0%9f%9a%a7%e2%98%80%ef%b8%8f\/"]}]},{"@type":"ImageObject","inLanguage":"de","@id":"https:\/\/belectric.com\/de\/baustellenluft-schnuppern-zahlreiche-besucherinnen-am-dag-van-de-bouw-in-eekerpolder-%f0%9f%98%8d%f0%9f%9a%a7%e2%98%80%ef%b8%8f\/#primaryimage","url":"https:\/\/belectric.com\/wp-content\/uploads\/2025\/06\/250624_DagVanDeBouw_Insta.jpg","contentUrl":"https:\/\/belectric.com\/wp-content\/uploads\/2025\/06\/250624_DagVanDeBouw_Insta.jpg","width":2268,"height":1542,"caption":"Visitors are pulled to the site in a carriage pulled by a tractor."},{"@type":"BreadcrumbList","@id":"https:\/\/belectric.com\/de\/baustellenluft-schnuppern-zahlreiche-besucherinnen-am-dag-van-de-bouw-in-eekerpolder-%f0%9f%98%8d%f0%9f%9a%a7%e2%98%80%ef%b8%8f\/#breadcrumb","itemListElement":[{"@type":"ListItem","position":1,"name":"Startseite","item":"https:\/\/belectric.com\/de\/"},{"@type":"ListItem","position":2,"name":"Baustellenluft schnuppern: Zahlreiche Besucher*innen am \u201eDag van de Bouw\u201c in Eekerpolder \ud83d\ude0d\ud83d\udea7\u2600\ufe0f"}]},{"@type":"WebSite","@id":"https:\/\/belectric.com\/de\/#website","url":"https:\/\/belectric.com\/de\/","name":"BELECTRIC","description":"360\u00b0 solution for ground-mounted solar power plants","publisher":{"@id":"https:\/\/belectric.com\/de\/#organization"},"potentialAction":[{"@type":"SearchAction","target":{"@type":"EntryPoint","urlTemplate":"https:\/\/belectric.com\/de\/?s={search_term_string}"},"query-input":{"@type":"PropertyValueSpecification","valueRequired":true,"valueName":"search_term_string"}}],"inLanguage":"de"},{"@type":"Organization","@id":"https:\/\/belectric.com\/de\/#organization","name":"BELECTRIC","url":"https:\/\/belectric.com\/de\/","logo":{"@type":"ImageObject","inLanguage":"de","@id":"https:\/\/belectric.com\/de\/#\/schema\/logo\/image\/","url":"https:\/\/belectric.com\/wp-content\/uploads\/2023\/09\/belectric_member_logo_rgb.svg","contentUrl":"https:\/\/belectric.com\/wp-content\/uploads\/2023\/09\/belectric_member_logo_rgb.svg","width":805,"height":100,"caption":"BELECTRIC"},"image":{"@id":"https:\/\/belectric.com\/de\/#\/schema\/logo\/image\/"},"sameAs":["https:\/\/www.facebook.com\/belectric.solar\/","https:\/\/www.xing.com\/pages\/belectric","https:\/\/www.linkedin.com\/company\/belectric-gmbh\/","https:\/\/www.instagram.com\/belectric_solar\/","https:\/\/www.youtube.com\/@BELECTRIC_GmbH\/videos"]},{"@type":"Person","@id":"https:\/\/belectric.com\/de\/#\/schema\/person\/b526d8f3aef97a0d417f672f63abe647","name":"Luisa M\u00fcller"}]}},"_links":{"self":[{"href":"https:\/\/belectric.com\/de\/wp-json\/wp\/v2\/posts\/12847","targetHints":{"allow":["GET"]}}],"collection":[{"href":"https:\/\/belectric.com\/de\/wp-json\/wp\/v2\/posts"}],"about":[{"href":"https:\/\/belectric.com\/de\/wp-json\/wp\/v2\/types\/post"}],"author":[{"embeddable":true,"href":"https:\/\/belectric.com\/de\/wp-json\/wp\/v2\/users\/4"}],"replies":[{"embeddable":true,"href":"https:\/\/belectric.com\/de\/wp-json\/wp\/v2\/comments?post=12847"}],"version-history":[{"count":1,"href":"https:\/\/belectric.com\/de\/wp-json\/wp\/v2\/posts\/12847\/revisions"}],"predecessor-version":[{"id":12848,"href":"https:\/\/belectric.com\/de\/wp-json\/wp\/v2\/posts\/12847\/revisions\/12848"}],"wp:featuredmedia":[{"embeddable":true,"href":"https:\/\/belectric.com\/de\/wp-json\/wp\/v2\/media\/12824"}],"wp:attachment":[{"href":"https:\/\/belectric.com\/de\/wp-json\/wp\/v2\/media?parent=12847"}],"wp:term":[{"taxonomy":"category","embeddable":true,"href":"https:\/\/belectric.com\/de\/wp-json\/wp\/v2\/categories?post=12847"},{"taxonomy":"post_tag","embeddable":true,"href":"https:\/\/belectric.com\/de\/wp-json\/wp\/v2\/tags?post=12847"}],"curies":[{"name":"wp","href":"https:\/\/api.w.org\/{rel}","templated":true}]}}