{"id":13657,"date":"2025-08-19T10:00:19","date_gmt":"2025-08-19T08:00:19","guid":{"rendered":"https:\/\/belectric.com\/?p=13657"},"modified":"2025-08-19T10:15:08","modified_gmt":"2025-08-19T08:15:08","slug":"mehr-als-strom-solaranlagen-fuer-die-artenvielfalt-%f0%9f%8c%be%f0%9f%a6%89","status":"publish","type":"post","link":"https:\/\/belectric.com\/de\/mehr-als-strom-solaranlagen-fuer-die-artenvielfalt-%f0%9f%8c%be%f0%9f%a6%89\/","title":{"rendered":"Mehr als Strom: Solaranlagen f\u00fcr die Artenvielfalt \ud83c\udf3e\ud83e\udd89"},"content":{"rendered":"\n<p>Unsere Anlage Herleshof zeigt, dass Photovoltaik und Artenschutz Hand in Hand gehen k\u00f6nnen.<\/p>\n\n\n\n<p>Neben der klimafreundlichen Energiegewinnung schaffen wir hier wertvolle Lebensr\u00e4ume f\u00fcr bedrohte Arten wie den Ortolan, die Feldlerche oder das Rebhuhn.<\/p>\n\n\n\n<p>\ud83d\udc26 Mehr als 16 Hektar an Ausgleichsfl\u00e4chen f\u00fcr bedrohte Vogelarten<\/p>\n\n\n\n<p>\ud83d\udea7 Artenschutzz\u00e4une mit mehreren Kilometern L\u00e4nge<\/p>\n\n\n\n<p>\ud83c\udf3c Bl\u00fchstreifen und extensiv gepflegte Gr\u00fcnfl\u00e4chen<\/p>\n\n\n\n<p>\ud83d\udeab Kein Pestizideinsatz \u2013 stattdessen R\u00fcckzugsr\u00e4ume und Bienenpatenschaft<\/p>\n\n\n\n<p>Die Fotos aus Herleshof sprechen f\u00fcr sich: Solarparks k\u00f6nnen echte Biodiversit\u00e4ts-Booster sein. Und wir arbeiten st\u00e4ndig daran, noch mehr Artenvielfalt zu erm\u00f6glichen. \ud83d\udc9a<\/p>\n\n\n\n<p>\ud83d\udc49 Swipe f\u00fcr Einblicke in die Anlage und ihre Biodiversit\u00e4t!<\/p>\n\n\n\n<p><del>#<\/del>belectric #eleviongroup #solarenergie #solarenergy #greenenergy #energiewende #energytransition #biodiversity<\/p>\n\n\n\n<div class=\"wp-block-columns is-layout-flex wp-container-core-columns-is-layout-28f84493 wp-block-columns-is-layout-flex\">\n<div class=\"wp-block-column is-layout-flow wp-block-column-is-layout-flow\">\n<figure class=\"wp-block-image size-full\"><img loading=\"lazy\" decoding=\"async\" width=\"1080\" height=\"1350\" src=\"https:\/\/belectric.com\/wp-content\/uploads\/2025\/08\/2025_KW34_belectric_artenvielfalt_de_01.jpg\" alt=\"\" class=\"wp-image-13660\" srcset=\"https:\/\/belectric.com\/wp-content\/uploads\/2025\/08\/2025_KW34_belectric_artenvielfalt_de_01.jpg 1080w, https:\/\/belectric.com\/wp-content\/uploads\/2025\/08\/2025_KW34_belectric_artenvielfalt_de_01-240x300.jpg 240w, https:\/\/belectric.com\/wp-content\/uploads\/2025\/08\/2025_KW34_belectric_artenvielfalt_de_01-819x1024.jpg 819w, https:\/\/belectric.com\/wp-content\/uploads\/2025\/08\/2025_KW34_belectric_artenvielfalt_de_01-768x960.jpg 768w\" sizes=\"auto, (max-width: 1080px) 100vw, 1080px\" \/><\/figure>\n<\/div>\n\n\n\n<div class=\"wp-block-column is-layout-flow wp-block-column-is-layout-flow\">\n<figure class=\"wp-block-image size-full\"><img loading=\"lazy\" decoding=\"async\" width=\"1080\" height=\"1350\" src=\"https:\/\/belectric.com\/wp-content\/uploads\/2025\/08\/2025_KW34_belectric_artenvielfalt_de_02.jpg\" alt=\"\" class=\"wp-image-13666\" srcset=\"https:\/\/belectric.com\/wp-content\/uploads\/2025\/08\/2025_KW34_belectric_artenvielfalt_de_02.jpg 1080w, https:\/\/belectric.com\/wp-content\/uploads\/2025\/08\/2025_KW34_belectric_artenvielfalt_de_02-240x300.jpg 240w, https:\/\/belectric.com\/wp-content\/uploads\/2025\/08\/2025_KW34_belectric_artenvielfalt_de_02-819x1024.jpg 819w, https:\/\/belectric.com\/wp-content\/uploads\/2025\/08\/2025_KW34_belectric_artenvielfalt_de_02-768x960.jpg 768w\" sizes=\"auto, (max-width: 1080px) 100vw, 1080px\" \/><\/figure>\n<\/div>\n<\/div>\n\n\n\n<div class=\"wp-block-columns is-layout-flex wp-container-core-columns-is-layout-28f84493 wp-block-columns-is-layout-flex\">\n<div class=\"wp-block-column is-layout-flow wp-block-column-is-layout-flow\">\n<figure class=\"wp-block-image size-full\"><img loading=\"lazy\" decoding=\"async\" width=\"1080\" height=\"1350\" src=\"https:\/\/belectric.com\/wp-content\/uploads\/2025\/08\/2025_KW34_belectric_artenvielfalt_de_03.jpg\" alt=\"\" class=\"wp-image-13672\" srcset=\"https:\/\/belectric.com\/wp-content\/uploads\/2025\/08\/2025_KW34_belectric_artenvielfalt_de_03.jpg 1080w, https:\/\/belectric.com\/wp-content\/uploads\/2025\/08\/2025_KW34_belectric_artenvielfalt_de_03-240x300.jpg 240w, https:\/\/belectric.com\/wp-content\/uploads\/2025\/08\/2025_KW34_belectric_artenvielfalt_de_03-819x1024.jpg 819w, https:\/\/belectric.com\/wp-content\/uploads\/2025\/08\/2025_KW34_belectric_artenvielfalt_de_03-768x960.jpg 768w\" sizes=\"auto, (max-width: 1080px) 100vw, 1080px\" \/><\/figure>\n<\/div>\n\n\n\n<div class=\"wp-block-column is-layout-flow wp-block-column-is-layout-flow\">\n<figure class=\"wp-block-image size-full\"><img loading=\"lazy\" decoding=\"async\" width=\"1080\" height=\"1350\" src=\"https:\/\/belectric.com\/wp-content\/uploads\/2025\/08\/2025_KW34_belectric_artenvielfalt_de_04.jpg\" alt=\"\" class=\"wp-image-13678\" srcset=\"https:\/\/belectric.com\/wp-content\/uploads\/2025\/08\/2025_KW34_belectric_artenvielfalt_de_04.jpg 1080w, https:\/\/belectric.com\/wp-content\/uploads\/2025\/08\/2025_KW34_belectric_artenvielfalt_de_04-240x300.jpg 240w, https:\/\/belectric.com\/wp-content\/uploads\/2025\/08\/2025_KW34_belectric_artenvielfalt_de_04-819x1024.jpg 819w, https:\/\/belectric.com\/wp-content\/uploads\/2025\/08\/2025_KW34_belectric_artenvielfalt_de_04-768x960.jpg 768w\" sizes=\"auto, (max-width: 1080px) 100vw, 1080px\" \/><\/figure>\n<\/div>\n<\/div>\n","protected":false},"excerpt":{"rendered":"<p>Unsere Anlage Herleshof zeigt, dass Photovoltaik und Artenschutz Hand in Hand gehen k\u00f6nnen. Neben der klimafreundlichen Energiegewinnung schaffen wir hier wertvolle Lebensr\u00e4ume f\u00fcr bedrohte Arten wie den Ortolan, die Feldlerche oder das Rebhuhn. \ud83d\udc26 Mehr als 16 Hektar an Ausgleichsfl\u00e4chen f\u00fcr bedrohte Vogelarten \ud83d\udea7 Artenschutzz\u00e4une mit mehreren Kilometern L\u00e4nge \ud83c\udf3c Bl\u00fchstreifen und extensiv gepflegte Gr\u00fcnfl\u00e4chen&#8230;<\/p>\n","protected":false},"author":9,"featured_media":13684,"comment_status":"closed","ping_status":"closed","sticky":false,"template":"","format":"standard","meta":{"_acf_changed":false,"footnotes":""},"categories":[102],"tags":[],"class_list":["post-13657","post","type-post","status-publish","format-standard","has-post-thumbnail","hentry","category-social-media-wall-de"],"acf":[],"yoast_head":"<!-- This site is optimized with the Yoast SEO plugin v27.5 - https:\/\/yoast.com\/product\/yoast-seo-wordpress\/ -->\n<title>Mehr als Strom: Solaranlagen f\u00fcr die Artenvielfalt \ud83c\udf3e\ud83e\udd89 - BELECTRIC<\/title>\n<meta name=\"description\" content=\"Photovoltaik trifft Artenschutz: Unsere PV-Anlage Herleshof erzeugt Solarstrom und schafft Lebensr\u00e4ume. Mehr zur Biodiversit\u00e4t!\" \/>\n<meta name=\"robots\" content=\"index, follow, max-snippet:-1, max-image-preview:large, max-video-preview:-1\" \/>\n<link rel=\"canonical\" href=\"https:\/\/belectric.com\/de\/mehr-als-strom-solaranlagen-fuer-die-artenvielfalt-%f0%9f%8c%be%f0%9f%a6%89\/\" \/>\n<meta property=\"og:locale\" content=\"de_DE\" \/>\n<meta property=\"og:type\" content=\"article\" \/>\n<meta property=\"og:title\" content=\"Mehr als Strom: Solaranlagen f\u00fcr die Artenvielfalt \ud83c\udf3e\ud83e\udd89 - BELECTRIC\" \/>\n<meta property=\"og:description\" content=\"Photovoltaik trifft Artenschutz: Unsere PV-Anlage Herleshof erzeugt Solarstrom und schafft Lebensr\u00e4ume. Mehr zur Biodiversit\u00e4t!\" \/>\n<meta property=\"og:url\" content=\"https:\/\/belectric.com\/de\/mehr-als-strom-solaranlagen-fuer-die-artenvielfalt-%f0%9f%8c%be%f0%9f%a6%89\/\" \/>\n<meta property=\"og:site_name\" content=\"BELECTRIC\" \/>\n<meta property=\"article:publisher\" content=\"https:\/\/www.facebook.com\/belectric.solar\/\" \/>\n<meta property=\"article:published_time\" content=\"2025-08-19T08:00:19+00:00\" \/>\n<meta property=\"article:modified_time\" content=\"2025-08-19T08:15:08+00:00\" \/>\n<meta property=\"og:image\" content=\"https:\/\/belectric.com\/wp-content\/uploads\/2025\/08\/2025_KW34_belectric_artenvielfalt_de_01-1.jpg\" \/>\n\t<meta property=\"og:image:width\" content=\"1080\" \/>\n\t<meta property=\"og:image:height\" content=\"1350\" \/>\n\t<meta property=\"og:image:type\" content=\"image\/jpeg\" \/>\n<meta name=\"author\" content=\"Kreativteam\" \/>\n<meta name=\"twitter:card\" content=\"summary_large_image\" \/>\n<meta name=\"twitter:label1\" content=\"Verfasst von\" \/>\n\t<meta name=\"twitter:data1\" content=\"Kreativteam\" \/>\n\t<meta name=\"twitter:label2\" content=\"Gesch\u00e4tzte Lesezeit\" \/>\n\t<meta name=\"twitter:data2\" content=\"2\u00a0Minuten\" \/>\n<script type=\"application\/ld+json\" class=\"yoast-schema-graph\">{\"@context\":\"https:\\\/\\\/schema.org\",\"@graph\":[{\"@type\":\"Article\",\"@id\":\"https:\\\/\\\/belectric.com\\\/de\\\/mehr-als-strom-solaranlagen-fuer-die-artenvielfalt-%f0%9f%8c%be%f0%9f%a6%89\\\/#article\",\"isPartOf\":{\"@id\":\"https:\\\/\\\/belectric.com\\\/de\\\/mehr-als-strom-solaranlagen-fuer-die-artenvielfalt-%f0%9f%8c%be%f0%9f%a6%89\\\/\"},\"author\":{\"name\":\"Kreativteam\",\"@id\":\"https:\\\/\\\/belectric.com\\\/de\\\/#\\\/schema\\\/person\\\/30384acb5917d1b35a4b29bcecb3e0b6\"},\"headline\":\"Mehr als Strom: Solaranlagen f\u00fcr die Artenvielfalt \ud83c\udf3e\ud83e\udd89\",\"datePublished\":\"2025-08-19T08:00:19+00:00\",\"dateModified\":\"2025-08-19T08:15:08+00:00\",\"mainEntityOfPage\":{\"@id\":\"https:\\\/\\\/belectric.com\\\/de\\\/mehr-als-strom-solaranlagen-fuer-die-artenvielfalt-%f0%9f%8c%be%f0%9f%a6%89\\\/\"},\"wordCount\":123,\"publisher\":{\"@id\":\"https:\\\/\\\/belectric.com\\\/de\\\/#organization\"},\"image\":{\"@id\":\"https:\\\/\\\/belectric.com\\\/de\\\/mehr-als-strom-solaranlagen-fuer-die-artenvielfalt-%f0%9f%8c%be%f0%9f%a6%89\\\/#primaryimage\"},\"thumbnailUrl\":\"https:\\\/\\\/belectric.com\\\/wp-content\\\/uploads\\\/2025\\\/08\\\/2025_KW34_belectric_artenvielfalt_de_01-1.jpg\",\"articleSection\":[\"Social Media Wall\"],\"inLanguage\":\"de\"},{\"@type\":\"WebPage\",\"@id\":\"https:\\\/\\\/belectric.com\\\/de\\\/mehr-als-strom-solaranlagen-fuer-die-artenvielfalt-%f0%9f%8c%be%f0%9f%a6%89\\\/\",\"url\":\"https:\\\/\\\/belectric.com\\\/de\\\/mehr-als-strom-solaranlagen-fuer-die-artenvielfalt-%f0%9f%8c%be%f0%9f%a6%89\\\/\",\"name\":\"Mehr als Strom: Solaranlagen f\u00fcr die Artenvielfalt \ud83c\udf3e\ud83e\udd89 - BELECTRIC\",\"isPartOf\":{\"@id\":\"https:\\\/\\\/belectric.com\\\/de\\\/#website\"},\"primaryImageOfPage\":{\"@id\":\"https:\\\/\\\/belectric.com\\\/de\\\/mehr-als-strom-solaranlagen-fuer-die-artenvielfalt-%f0%9f%8c%be%f0%9f%a6%89\\\/#primaryimage\"},\"image\":{\"@id\":\"https:\\\/\\\/belectric.com\\\/de\\\/mehr-als-strom-solaranlagen-fuer-die-artenvielfalt-%f0%9f%8c%be%f0%9f%a6%89\\\/#primaryimage\"},\"thumbnailUrl\":\"https:\\\/\\\/belectric.com\\\/wp-content\\\/uploads\\\/2025\\\/08\\\/2025_KW34_belectric_artenvielfalt_de_01-1.jpg\",\"datePublished\":\"2025-08-19T08:00:19+00:00\",\"dateModified\":\"2025-08-19T08:15:08+00:00\",\"description\":\"Photovoltaik trifft Artenschutz: Unsere PV-Anlage Herleshof erzeugt Solarstrom und schafft Lebensr\u00e4ume. Mehr zur Biodiversit\u00e4t!\",\"breadcrumb\":{\"@id\":\"https:\\\/\\\/belectric.com\\\/de\\\/mehr-als-strom-solaranlagen-fuer-die-artenvielfalt-%f0%9f%8c%be%f0%9f%a6%89\\\/#breadcrumb\"},\"inLanguage\":\"de\",\"potentialAction\":[{\"@type\":\"ReadAction\",\"target\":[\"https:\\\/\\\/belectric.com\\\/de\\\/mehr-als-strom-solaranlagen-fuer-die-artenvielfalt-%f0%9f%8c%be%f0%9f%a6%89\\\/\"]}]},{\"@type\":\"ImageObject\",\"inLanguage\":\"de\",\"@id\":\"https:\\\/\\\/belectric.com\\\/de\\\/mehr-als-strom-solaranlagen-fuer-die-artenvielfalt-%f0%9f%8c%be%f0%9f%a6%89\\\/#primaryimage\",\"url\":\"https:\\\/\\\/belectric.com\\\/wp-content\\\/uploads\\\/2025\\\/08\\\/2025_KW34_belectric_artenvielfalt_de_01-1.jpg\",\"contentUrl\":\"https:\\\/\\\/belectric.com\\\/wp-content\\\/uploads\\\/2025\\\/08\\\/2025_KW34_belectric_artenvielfalt_de_01-1.jpg\",\"width\":1080,\"height\":1350},{\"@type\":\"BreadcrumbList\",\"@id\":\"https:\\\/\\\/belectric.com\\\/de\\\/mehr-als-strom-solaranlagen-fuer-die-artenvielfalt-%f0%9f%8c%be%f0%9f%a6%89\\\/#breadcrumb\",\"itemListElement\":[{\"@type\":\"ListItem\",\"position\":1,\"name\":\"Startseite\",\"item\":\"https:\\\/\\\/belectric.com\\\/de\\\/\"},{\"@type\":\"ListItem\",\"position\":2,\"name\":\"Mehr als Strom: Solaranlagen f\u00fcr die Artenvielfalt \ud83c\udf3e\ud83e\udd89\"}]},{\"@type\":\"WebSite\",\"@id\":\"https:\\\/\\\/belectric.com\\\/de\\\/#website\",\"url\":\"https:\\\/\\\/belectric.com\\\/de\\\/\",\"name\":\"BELECTRIC\",\"description\":\"360\u00b0 solution for ground-mounted solar power plants\",\"publisher\":{\"@id\":\"https:\\\/\\\/belectric.com\\\/de\\\/#organization\"},\"potentialAction\":[{\"@type\":\"SearchAction\",\"target\":{\"@type\":\"EntryPoint\",\"urlTemplate\":\"https:\\\/\\\/belectric.com\\\/de\\\/?s={search_term_string}\"},\"query-input\":{\"@type\":\"PropertyValueSpecification\",\"valueRequired\":true,\"valueName\":\"search_term_string\"}}],\"inLanguage\":\"de\"},{\"@type\":\"Organization\",\"@id\":\"https:\\\/\\\/belectric.com\\\/de\\\/#organization\",\"name\":\"BELECTRIC\",\"url\":\"https:\\\/\\\/belectric.com\\\/de\\\/\",\"logo\":{\"@type\":\"ImageObject\",\"inLanguage\":\"de\",\"@id\":\"https:\\\/\\\/belectric.com\\\/de\\\/#\\\/schema\\\/logo\\\/image\\\/\",\"url\":\"https:\\\/\\\/belectric.com\\\/wp-content\\\/uploads\\\/2023\\\/09\\\/belectric_member_logo_rgb.svg\",\"contentUrl\":\"https:\\\/\\\/belectric.com\\\/wp-content\\\/uploads\\\/2023\\\/09\\\/belectric_member_logo_rgb.svg\",\"width\":805,\"height\":100,\"caption\":\"BELECTRIC\"},\"image\":{\"@id\":\"https:\\\/\\\/belectric.com\\\/de\\\/#\\\/schema\\\/logo\\\/image\\\/\"},\"sameAs\":[\"https:\\\/\\\/www.facebook.com\\\/belectric.solar\\\/\",\"https:\\\/\\\/www.xing.com\\\/pages\\\/belectric\",\"https:\\\/\\\/www.linkedin.com\\\/company\\\/belectric-gmbh\\\/\",\"https:\\\/\\\/www.instagram.com\\\/belectric_solar\\\/\",\"https:\\\/\\\/www.youtube.com\\\/@BELECTRIC_GmbH\\\/videos\"]},{\"@type\":\"Person\",\"@id\":\"https:\\\/\\\/belectric.com\\\/de\\\/#\\\/schema\\\/person\\\/30384acb5917d1b35a4b29bcecb3e0b6\",\"name\":\"Kreativteam\"}]}<\/script>\n<!-- \/ Yoast SEO plugin. -->","yoast_head_json":{"title":"Mehr als Strom: Solaranlagen f\u00fcr die Artenvielfalt \ud83c\udf3e\ud83e\udd89 - BELECTRIC","description":"Photovoltaik trifft Artenschutz: Unsere PV-Anlage Herleshof erzeugt Solarstrom und schafft Lebensr\u00e4ume. Mehr zur Biodiversit\u00e4t!","robots":{"index":"index","follow":"follow","max-snippet":"max-snippet:-1","max-image-preview":"max-image-preview:large","max-video-preview":"max-video-preview:-1"},"canonical":"https:\/\/belectric.com\/de\/mehr-als-strom-solaranlagen-fuer-die-artenvielfalt-%f0%9f%8c%be%f0%9f%a6%89\/","og_locale":"de_DE","og_type":"article","og_title":"Mehr als Strom: Solaranlagen f\u00fcr die Artenvielfalt \ud83c\udf3e\ud83e\udd89 - BELECTRIC","og_description":"Photovoltaik trifft Artenschutz: Unsere PV-Anlage Herleshof erzeugt Solarstrom und schafft Lebensr\u00e4ume. Mehr zur Biodiversit\u00e4t!","og_url":"https:\/\/belectric.com\/de\/mehr-als-strom-solaranlagen-fuer-die-artenvielfalt-%f0%9f%8c%be%f0%9f%a6%89\/","og_site_name":"BELECTRIC","article_publisher":"https:\/\/www.facebook.com\/belectric.solar\/","article_published_time":"2025-08-19T08:00:19+00:00","article_modified_time":"2025-08-19T08:15:08+00:00","og_image":[{"width":1080,"height":1350,"url":"https:\/\/belectric.com\/wp-content\/uploads\/2025\/08\/2025_KW34_belectric_artenvielfalt_de_01-1.jpg","type":"image\/jpeg"}],"author":"Kreativteam","twitter_card":"summary_large_image","twitter_misc":{"Verfasst von":"Kreativteam","Gesch\u00e4tzte Lesezeit":"2\u00a0Minuten"},"schema":{"@context":"https:\/\/schema.org","@graph":[{"@type":"Article","@id":"https:\/\/belectric.com\/de\/mehr-als-strom-solaranlagen-fuer-die-artenvielfalt-%f0%9f%8c%be%f0%9f%a6%89\/#article","isPartOf":{"@id":"https:\/\/belectric.com\/de\/mehr-als-strom-solaranlagen-fuer-die-artenvielfalt-%f0%9f%8c%be%f0%9f%a6%89\/"},"author":{"name":"Kreativteam","@id":"https:\/\/belectric.com\/de\/#\/schema\/person\/30384acb5917d1b35a4b29bcecb3e0b6"},"headline":"Mehr als Strom: Solaranlagen f\u00fcr die Artenvielfalt \ud83c\udf3e\ud83e\udd89","datePublished":"2025-08-19T08:00:19+00:00","dateModified":"2025-08-19T08:15:08+00:00","mainEntityOfPage":{"@id":"https:\/\/belectric.com\/de\/mehr-als-strom-solaranlagen-fuer-die-artenvielfalt-%f0%9f%8c%be%f0%9f%a6%89\/"},"wordCount":123,"publisher":{"@id":"https:\/\/belectric.com\/de\/#organization"},"image":{"@id":"https:\/\/belectric.com\/de\/mehr-als-strom-solaranlagen-fuer-die-artenvielfalt-%f0%9f%8c%be%f0%9f%a6%89\/#primaryimage"},"thumbnailUrl":"https:\/\/belectric.com\/wp-content\/uploads\/2025\/08\/2025_KW34_belectric_artenvielfalt_de_01-1.jpg","articleSection":["Social Media Wall"],"inLanguage":"de"},{"@type":"WebPage","@id":"https:\/\/belectric.com\/de\/mehr-als-strom-solaranlagen-fuer-die-artenvielfalt-%f0%9f%8c%be%f0%9f%a6%89\/","url":"https:\/\/belectric.com\/de\/mehr-als-strom-solaranlagen-fuer-die-artenvielfalt-%f0%9f%8c%be%f0%9f%a6%89\/","name":"Mehr als Strom: Solaranlagen f\u00fcr die Artenvielfalt \ud83c\udf3e\ud83e\udd89 - BELECTRIC","isPartOf":{"@id":"https:\/\/belectric.com\/de\/#website"},"primaryImageOfPage":{"@id":"https:\/\/belectric.com\/de\/mehr-als-strom-solaranlagen-fuer-die-artenvielfalt-%f0%9f%8c%be%f0%9f%a6%89\/#primaryimage"},"image":{"@id":"https:\/\/belectric.com\/de\/mehr-als-strom-solaranlagen-fuer-die-artenvielfalt-%f0%9f%8c%be%f0%9f%a6%89\/#primaryimage"},"thumbnailUrl":"https:\/\/belectric.com\/wp-content\/uploads\/2025\/08\/2025_KW34_belectric_artenvielfalt_de_01-1.jpg","datePublished":"2025-08-19T08:00:19+00:00","dateModified":"2025-08-19T08:15:08+00:00","description":"Photovoltaik trifft Artenschutz: Unsere PV-Anlage Herleshof erzeugt Solarstrom und schafft Lebensr\u00e4ume. Mehr zur Biodiversit\u00e4t!","breadcrumb":{"@id":"https:\/\/belectric.com\/de\/mehr-als-strom-solaranlagen-fuer-die-artenvielfalt-%f0%9f%8c%be%f0%9f%a6%89\/#breadcrumb"},"inLanguage":"de","potentialAction":[{"@type":"ReadAction","target":["https:\/\/belectric.com\/de\/mehr-als-strom-solaranlagen-fuer-die-artenvielfalt-%f0%9f%8c%be%f0%9f%a6%89\/"]}]},{"@type":"ImageObject","inLanguage":"de","@id":"https:\/\/belectric.com\/de\/mehr-als-strom-solaranlagen-fuer-die-artenvielfalt-%f0%9f%8c%be%f0%9f%a6%89\/#primaryimage","url":"https:\/\/belectric.com\/wp-content\/uploads\/2025\/08\/2025_KW34_belectric_artenvielfalt_de_01-1.jpg","contentUrl":"https:\/\/belectric.com\/wp-content\/uploads\/2025\/08\/2025_KW34_belectric_artenvielfalt_de_01-1.jpg","width":1080,"height":1350},{"@type":"BreadcrumbList","@id":"https:\/\/belectric.com\/de\/mehr-als-strom-solaranlagen-fuer-die-artenvielfalt-%f0%9f%8c%be%f0%9f%a6%89\/#breadcrumb","itemListElement":[{"@type":"ListItem","position":1,"name":"Startseite","item":"https:\/\/belectric.com\/de\/"},{"@type":"ListItem","position":2,"name":"Mehr als Strom: Solaranlagen f\u00fcr die Artenvielfalt \ud83c\udf3e\ud83e\udd89"}]},{"@type":"WebSite","@id":"https:\/\/belectric.com\/de\/#website","url":"https:\/\/belectric.com\/de\/","name":"BELECTRIC","description":"360\u00b0 solution for ground-mounted solar power plants","publisher":{"@id":"https:\/\/belectric.com\/de\/#organization"},"potentialAction":[{"@type":"SearchAction","target":{"@type":"EntryPoint","urlTemplate":"https:\/\/belectric.com\/de\/?s={search_term_string}"},"query-input":{"@type":"PropertyValueSpecification","valueRequired":true,"valueName":"search_term_string"}}],"inLanguage":"de"},{"@type":"Organization","@id":"https:\/\/belectric.com\/de\/#organization","name":"BELECTRIC","url":"https:\/\/belectric.com\/de\/","logo":{"@type":"ImageObject","inLanguage":"de","@id":"https:\/\/belectric.com\/de\/#\/schema\/logo\/image\/","url":"https:\/\/belectric.com\/wp-content\/uploads\/2023\/09\/belectric_member_logo_rgb.svg","contentUrl":"https:\/\/belectric.com\/wp-content\/uploads\/2023\/09\/belectric_member_logo_rgb.svg","width":805,"height":100,"caption":"BELECTRIC"},"image":{"@id":"https:\/\/belectric.com\/de\/#\/schema\/logo\/image\/"},"sameAs":["https:\/\/www.facebook.com\/belectric.solar\/","https:\/\/www.xing.com\/pages\/belectric","https:\/\/www.linkedin.com\/company\/belectric-gmbh\/","https:\/\/www.instagram.com\/belectric_solar\/","https:\/\/www.youtube.com\/@BELECTRIC_GmbH\/videos"]},{"@type":"Person","@id":"https:\/\/belectric.com\/de\/#\/schema\/person\/30384acb5917d1b35a4b29bcecb3e0b6","name":"Kreativteam"}]}},"_links":{"self":[{"href":"https:\/\/belectric.com\/de\/wp-json\/wp\/v2\/posts\/13657","targetHints":{"allow":["GET"]}}],"collection":[{"href":"https:\/\/belectric.com\/de\/wp-json\/wp\/v2\/posts"}],"about":[{"href":"https:\/\/belectric.com\/de\/wp-json\/wp\/v2\/types\/post"}],"author":[{"embeddable":true,"href":"https:\/\/belectric.com\/de\/wp-json\/wp\/v2\/users\/9"}],"replies":[{"embeddable":true,"href":"https:\/\/belectric.com\/de\/wp-json\/wp\/v2\/comments?post=13657"}],"version-history":[{"count":1,"href":"https:\/\/belectric.com\/de\/wp-json\/wp\/v2\/posts\/13657\/revisions"}],"predecessor-version":[{"id":13692,"href":"https:\/\/belectric.com\/de\/wp-json\/wp\/v2\/posts\/13657\/revisions\/13692"}],"wp:featuredmedia":[{"embeddable":true,"href":"https:\/\/belectric.com\/de\/wp-json\/wp\/v2\/media\/13684"}],"wp:attachment":[{"href":"https:\/\/belectric.com\/de\/wp-json\/wp\/v2\/media?parent=13657"}],"wp:term":[{"taxonomy":"category","embeddable":true,"href":"https:\/\/belectric.com\/de\/wp-json\/wp\/v2\/categories?post=13657"},{"taxonomy":"post_tag","embeddable":true,"href":"https:\/\/belectric.com\/de\/wp-json\/wp\/v2\/tags?post=13657"}],"curies":[{"name":"wp","href":"https:\/\/api.w.org\/{rel}","templated":true}]}}