{"id":14398,"date":"2025-09-25T17:49:48","date_gmt":"2025-09-25T15:49:48","guid":{"rendered":"https:\/\/belectric.com\/?p=14398"},"modified":"2025-09-25T17:58:42","modified_gmt":"2025-09-25T15:58:42","slug":"zwei-der-niederlandischen-solarparks-die-wir-mit-unserem-partner-low-carbon-gebaut-haben-werden-zu-lebenden-laboren%f0%9f%94%ac%f0%9f%8c%b1","status":"publish","type":"post","link":"https:\/\/belectric.com\/de\/zwei-der-niederlandischen-solarparks-die-wir-mit-unserem-partner-low-carbon-gebaut-haben-werden-zu-lebenden-laboren%f0%9f%94%ac%f0%9f%8c%b1\/","title":{"rendered":"Birmingham, das war gro\u00dfartig! \ud83e\udd29"},"content":{"rendered":"\n<p>Drei Tage Solar &amp; Storage in Birmingham, die gr\u00f6\u00dfte Messe f\u00fcr Solarenergie und Energiespeicherung im Vereinigten K\u00f6nigreich, sind vor\u00fcber und haben uns pers\u00f6nliche Highlights beschert \ud83c\udf1e<\/p>\n\n\n\n<p>\ud83e\udd1d Inspirierenden Austausch mit Kund*innen, Interessent*innen und Partnerunternehmen \u2013 das best\u00e4tigt, auch im digitalen Zeitalter ist der pers\u00f6nliche Kontakt relevant.<\/p>\n\n\n\n<p>\ud83d\udca1 Am Puls der Zeit: Die neuesten Innovationen in der Branche rund um das Thema&nbsp;<a href=\"https:\/\/www.instagram.com\/explore\/tags\/solarpower\/\">#solarpower<\/a>&nbsp;entdecken und vor Ort erleben.<\/p>\n\n\n\n<p>\u2764\ufe0f Volles Haus an unserem Stand \u2013 und sich gemeinsam als&nbsp;<a href=\"https:\/\/www.instagram.com\/explore\/tags\/teambelectric\/\">#teambelectric<\/a>&nbsp;bei den Besuchenden pr\u00e4sentieren.<\/p>\n\n\n\n<p>Ein herzliches Dankesch\u00f6n an alle, die bei uns am Stand vorbeigeschaut haben. Wir hoffen, unsere Cookies und frischen Fr\u00fcchte konnten euch den Tag ein wenig vers\u00fc\u00dfen \ud83c\udf4e<\/p>\n\n\n\n<p>Wir freuen uns schon jetzt auf n\u00e4chstes Jahr! \ud83c\udf1e<\/p>\n\n\n\n<p><a href=\"https:\/\/www.instagram.com\/explore\/tags\/belectric\/\">#belectric<\/a>\u00a0<a href=\"https:\/\/www.instagram.com\/explore\/tags\/elevion\/\">#elevion<\/a>\u00a0<a href=\"https:\/\/www.instagram.com\/explore\/tags\/renewables\/\">#renewables<\/a>\u00a0<a href=\"https:\/\/www.instagram.com\/explore\/tags\/solarstoragelive\/\">#solarstoragelive<\/a>\u00a0<a href=\"https:\/\/www.instagram.com\/explore\/tags\/birmingham\/\">#birmingham<\/a>\u00a0<a href=\"https:\/\/www.instagram.com\/explore\/tags\/solarenergy\/\">#solarenergy<\/a>\u00a0<a href=\"https:\/\/www.instagram.com\/explore\/tags\/solarenergie\/\">#solarenergie<\/a><\/p>\n\n\n\n<figure class=\"wp-block-image size-large\"><img loading=\"lazy\" decoding=\"async\" width=\"819\" height=\"1024\" src=\"https:\/\/belectric.com\/wp-content\/uploads\/2025\/09\/1-819x1024.jpg\" alt=\"\" class=\"wp-image-14401\" srcset=\"https:\/\/belectric.com\/wp-content\/uploads\/2025\/09\/1-819x1024.jpg 819w, https:\/\/belectric.com\/wp-content\/uploads\/2025\/09\/1-240x300.jpg 240w, https:\/\/belectric.com\/wp-content\/uploads\/2025\/09\/1-768x960.jpg 768w, https:\/\/belectric.com\/wp-content\/uploads\/2025\/09\/1.jpg 1080w\" sizes=\"auto, (max-width: 819px) 100vw, 819px\" \/><\/figure>\n\n\n\n<figure class=\"wp-block-image size-large\"><img loading=\"lazy\" decoding=\"async\" width=\"819\" height=\"1024\" src=\"https:\/\/belectric.com\/wp-content\/uploads\/2025\/09\/2-819x1024.jpg\" alt=\"\" class=\"wp-image-14407\" srcset=\"https:\/\/belectric.com\/wp-content\/uploads\/2025\/09\/2-819x1024.jpg 819w, https:\/\/belectric.com\/wp-content\/uploads\/2025\/09\/2-240x300.jpg 240w, https:\/\/belectric.com\/wp-content\/uploads\/2025\/09\/2-768x960.jpg 768w, https:\/\/belectric.com\/wp-content\/uploads\/2025\/09\/2.jpg 1080w\" sizes=\"auto, (max-width: 819px) 100vw, 819px\" \/><\/figure>\n\n\n\n<figure class=\"wp-block-image size-large\"><img loading=\"lazy\" decoding=\"async\" width=\"820\" height=\"1024\" src=\"https:\/\/belectric.com\/wp-content\/uploads\/2025\/09\/3-820x1024.jpg\" alt=\"\" class=\"wp-image-14413\" srcset=\"https:\/\/belectric.com\/wp-content\/uploads\/2025\/09\/3-820x1024.jpg 820w, https:\/\/belectric.com\/wp-content\/uploads\/2025\/09\/3-240x300.jpg 240w, https:\/\/belectric.com\/wp-content\/uploads\/2025\/09\/3-768x960.jpg 768w, https:\/\/belectric.com\/wp-content\/uploads\/2025\/09\/3.jpg 958w\" sizes=\"auto, (max-width: 820px) 100vw, 820px\" \/><\/figure>\n\n\n\n<figure class=\"wp-block-image size-large\"><img loading=\"lazy\" decoding=\"async\" width=\"1080\" height=\"1350\" src=\"https:\/\/belectric.com\/wp-content\/uploads\/2025\/09\/4-819x1024.jpg\" alt=\"\" class=\"wp-image-14419\" srcset=\"https:\/\/belectric.com\/wp-content\/uploads\/2025\/09\/4-819x1024.jpg 819w, https:\/\/belectric.com\/wp-content\/uploads\/2025\/09\/4-240x300.jpg 240w, https:\/\/belectric.com\/wp-content\/uploads\/2025\/09\/4-768x960.jpg 768w, https:\/\/belectric.com\/wp-content\/uploads\/2025\/09\/4.jpg 1080w\" sizes=\"auto, (max-width: 1080px) 100vw, 1080px\" \/><\/figure>\n\n\n\n<figure class=\"wp-block-image size-large\"><img loading=\"lazy\" decoding=\"async\" width=\"819\" height=\"1024\" src=\"https:\/\/belectric.com\/wp-content\/uploads\/2025\/09\/5-819x1024.jpg\" alt=\"\" class=\"wp-image-14425\" srcset=\"https:\/\/belectric.com\/wp-content\/uploads\/2025\/09\/5-819x1024.jpg 819w, https:\/\/belectric.com\/wp-content\/uploads\/2025\/09\/5-240x300.jpg 240w, https:\/\/belectric.com\/wp-content\/uploads\/2025\/09\/5-768x960.jpg 768w, https:\/\/belectric.com\/wp-content\/uploads\/2025\/09\/5.jpg 1080w\" sizes=\"auto, (max-width: 819px) 100vw, 819px\" \/><\/figure>\n\n\n\n<figure class=\"wp-block-image size-large is-resized\"><img loading=\"lazy\" decoding=\"async\" width=\"768\" height=\"1024\" src=\"https:\/\/belectric.com\/wp-content\/uploads\/2025\/09\/6-768x1024.jpg\" alt=\"\" class=\"wp-image-14431\" style=\"width:820px;height:auto\" srcset=\"https:\/\/belectric.com\/wp-content\/uploads\/2025\/09\/6-768x1024.jpg 768w, https:\/\/belectric.com\/wp-content\/uploads\/2025\/09\/6-225x300.jpg 225w, https:\/\/belectric.com\/wp-content\/uploads\/2025\/09\/6.jpg 1080w\" sizes=\"auto, (max-width: 768px) 100vw, 768px\" \/><\/figure>\n\n\n\n<figure class=\"wp-block-image size-large is-resized\"><img loading=\"lazy\" decoding=\"async\" width=\"819\" height=\"1024\" src=\"https:\/\/belectric.com\/wp-content\/uploads\/2025\/09\/7-819x1024.jpg\" alt=\"\" class=\"wp-image-14437\" style=\"width:820px;height:auto\" srcset=\"https:\/\/belectric.com\/wp-content\/uploads\/2025\/09\/7-819x1024.jpg 819w, https:\/\/belectric.com\/wp-content\/uploads\/2025\/09\/7-240x300.jpg 240w, https:\/\/belectric.com\/wp-content\/uploads\/2025\/09\/7-768x960.jpg 768w, https:\/\/belectric.com\/wp-content\/uploads\/2025\/09\/7.jpg 1080w\" sizes=\"auto, (max-width: 819px) 100vw, 819px\" \/><\/figure>\n","protected":false},"excerpt":{"rendered":"<p>Drei Tage Solar &amp; Storage in Birmingham, die gr\u00f6\u00dfte Messe f\u00fcr Solarenergie und Energiespeicherung im Vereinigten K\u00f6nigreich, sind vor\u00fcber und haben uns pers\u00f6nliche Highlights beschert \ud83c\udf1e \ud83e\udd1d Inspirierenden Austausch mit Kund*innen, Interessent*innen und Partnerunternehmen \u2013 das best\u00e4tigt, auch im digitalen Zeitalter ist der pers\u00f6nliche Kontakt relevant. \ud83d\udca1 Am Puls der Zeit: Die neuesten Innovationen in&#8230;<\/p>\n","protected":false},"author":12,"featured_media":14407,"comment_status":"closed","ping_status":"closed","sticky":false,"template":"","format":"standard","meta":{"_acf_changed":false,"footnotes":""},"categories":[102],"tags":[],"class_list":["post-14398","post","type-post","status-publish","format-standard","has-post-thumbnail","hentry","category-social-media-wall-de"],"acf":[],"yoast_head":"<!-- This site is optimized with the Yoast SEO plugin v27.5 - https:\/\/yoast.com\/product\/yoast-seo-wordpress\/ -->\n<title>Birmingham, das war gro\u00dfartig! \ud83e\udd29 - BELECTRIC<\/title>\n<meta name=\"description\" content=\"BELECTRIC war Teil der Messe Solar &amp; Storage Live 2025 in Birmingham als Aussteller und hat sich als Unternehmen pr\u00e4sentiert.\" \/>\n<meta name=\"robots\" content=\"index, follow, max-snippet:-1, max-image-preview:large, max-video-preview:-1\" \/>\n<link rel=\"canonical\" href=\"https:\/\/belectric.com\/de\/zwei-der-niederlandischen-solarparks-die-wir-mit-unserem-partner-low-carbon-gebaut-haben-werden-zu-lebenden-laboren%f0%9f%94%ac%f0%9f%8c%b1\/\" \/>\n<meta property=\"og:locale\" content=\"de_DE\" \/>\n<meta property=\"og:type\" content=\"article\" \/>\n<meta property=\"og:title\" content=\"Birmingham, das war gro\u00dfartig! \ud83e\udd29 - BELECTRIC\" \/>\n<meta property=\"og:description\" content=\"BELECTRIC war Teil der Messe Solar &amp; Storage Live 2025 in Birmingham als Aussteller und hat sich als Unternehmen pr\u00e4sentiert.\" \/>\n<meta property=\"og:url\" content=\"https:\/\/belectric.com\/de\/zwei-der-niederlandischen-solarparks-die-wir-mit-unserem-partner-low-carbon-gebaut-haben-werden-zu-lebenden-laboren%f0%9f%94%ac%f0%9f%8c%b1\/\" \/>\n<meta property=\"og:site_name\" content=\"BELECTRIC\" \/>\n<meta property=\"article:publisher\" content=\"https:\/\/www.facebook.com\/belectric.solar\/\" \/>\n<meta property=\"article:published_time\" content=\"2025-09-25T15:49:48+00:00\" \/>\n<meta property=\"article:modified_time\" content=\"2025-09-25T15:58:42+00:00\" \/>\n<meta property=\"og:image\" content=\"https:\/\/belectric.com\/wp-content\/uploads\/2025\/09\/2.jpg\" \/>\n\t<meta property=\"og:image:width\" content=\"1080\" \/>\n\t<meta property=\"og:image:height\" content=\"1350\" \/>\n\t<meta property=\"og:image:type\" content=\"image\/jpeg\" \/>\n<meta name=\"author\" content=\"Larissa Schmitt\" \/>\n<meta name=\"twitter:card\" content=\"summary_large_image\" \/>\n<meta name=\"twitter:label1\" content=\"Verfasst von\" \/>\n\t<meta name=\"twitter:data1\" content=\"Larissa Schmitt\" \/>\n\t<meta name=\"twitter:label2\" content=\"Gesch\u00e4tzte Lesezeit\" \/>\n\t<meta name=\"twitter:data2\" content=\"3\u00a0Minuten\" \/>\n<script type=\"application\/ld+json\" class=\"yoast-schema-graph\">{\"@context\":\"https:\\\/\\\/schema.org\",\"@graph\":[{\"@type\":\"Article\",\"@id\":\"https:\\\/\\\/belectric.com\\\/de\\\/zwei-der-niederlandischen-solarparks-die-wir-mit-unserem-partner-low-carbon-gebaut-haben-werden-zu-lebenden-laboren%f0%9f%94%ac%f0%9f%8c%b1\\\/#article\",\"isPartOf\":{\"@id\":\"https:\\\/\\\/belectric.com\\\/de\\\/zwei-der-niederlandischen-solarparks-die-wir-mit-unserem-partner-low-carbon-gebaut-haben-werden-zu-lebenden-laboren%f0%9f%94%ac%f0%9f%8c%b1\\\/\"},\"author\":{\"name\":\"Larissa Schmitt\",\"@id\":\"https:\\\/\\\/belectric.com\\\/de\\\/#\\\/schema\\\/person\\\/94786ee6b14c79511ccba13965a59135\"},\"headline\":\"Birmingham, das war gro\u00dfartig! \ud83e\udd29\",\"datePublished\":\"2025-09-25T15:49:48+00:00\",\"dateModified\":\"2025-09-25T15:58:42+00:00\",\"mainEntityOfPage\":{\"@id\":\"https:\\\/\\\/belectric.com\\\/de\\\/zwei-der-niederlandischen-solarparks-die-wir-mit-unserem-partner-low-carbon-gebaut-haben-werden-zu-lebenden-laboren%f0%9f%94%ac%f0%9f%8c%b1\\\/\"},\"wordCount\":141,\"publisher\":{\"@id\":\"https:\\\/\\\/belectric.com\\\/de\\\/#organization\"},\"image\":{\"@id\":\"https:\\\/\\\/belectric.com\\\/de\\\/zwei-der-niederlandischen-solarparks-die-wir-mit-unserem-partner-low-carbon-gebaut-haben-werden-zu-lebenden-laboren%f0%9f%94%ac%f0%9f%8c%b1\\\/#primaryimage\"},\"thumbnailUrl\":\"https:\\\/\\\/belectric.com\\\/wp-content\\\/uploads\\\/2025\\\/09\\\/2.jpg\",\"articleSection\":[\"Social Media Wall\"],\"inLanguage\":\"de\"},{\"@type\":\"WebPage\",\"@id\":\"https:\\\/\\\/belectric.com\\\/de\\\/zwei-der-niederlandischen-solarparks-die-wir-mit-unserem-partner-low-carbon-gebaut-haben-werden-zu-lebenden-laboren%f0%9f%94%ac%f0%9f%8c%b1\\\/\",\"url\":\"https:\\\/\\\/belectric.com\\\/de\\\/zwei-der-niederlandischen-solarparks-die-wir-mit-unserem-partner-low-carbon-gebaut-haben-werden-zu-lebenden-laboren%f0%9f%94%ac%f0%9f%8c%b1\\\/\",\"name\":\"Birmingham, das war gro\u00dfartig! \ud83e\udd29 - BELECTRIC\",\"isPartOf\":{\"@id\":\"https:\\\/\\\/belectric.com\\\/de\\\/#website\"},\"primaryImageOfPage\":{\"@id\":\"https:\\\/\\\/belectric.com\\\/de\\\/zwei-der-niederlandischen-solarparks-die-wir-mit-unserem-partner-low-carbon-gebaut-haben-werden-zu-lebenden-laboren%f0%9f%94%ac%f0%9f%8c%b1\\\/#primaryimage\"},\"image\":{\"@id\":\"https:\\\/\\\/belectric.com\\\/de\\\/zwei-der-niederlandischen-solarparks-die-wir-mit-unserem-partner-low-carbon-gebaut-haben-werden-zu-lebenden-laboren%f0%9f%94%ac%f0%9f%8c%b1\\\/#primaryimage\"},\"thumbnailUrl\":\"https:\\\/\\\/belectric.com\\\/wp-content\\\/uploads\\\/2025\\\/09\\\/2.jpg\",\"datePublished\":\"2025-09-25T15:49:48+00:00\",\"dateModified\":\"2025-09-25T15:58:42+00:00\",\"description\":\"BELECTRIC war Teil der Messe Solar & Storage Live 2025 in Birmingham als Aussteller und hat sich als Unternehmen pr\u00e4sentiert.\",\"breadcrumb\":{\"@id\":\"https:\\\/\\\/belectric.com\\\/de\\\/zwei-der-niederlandischen-solarparks-die-wir-mit-unserem-partner-low-carbon-gebaut-haben-werden-zu-lebenden-laboren%f0%9f%94%ac%f0%9f%8c%b1\\\/#breadcrumb\"},\"inLanguage\":\"de\",\"potentialAction\":[{\"@type\":\"ReadAction\",\"target\":[\"https:\\\/\\\/belectric.com\\\/de\\\/zwei-der-niederlandischen-solarparks-die-wir-mit-unserem-partner-low-carbon-gebaut-haben-werden-zu-lebenden-laboren%f0%9f%94%ac%f0%9f%8c%b1\\\/\"]}]},{\"@type\":\"ImageObject\",\"inLanguage\":\"de\",\"@id\":\"https:\\\/\\\/belectric.com\\\/de\\\/zwei-der-niederlandischen-solarparks-die-wir-mit-unserem-partner-low-carbon-gebaut-haben-werden-zu-lebenden-laboren%f0%9f%94%ac%f0%9f%8c%b1\\\/#primaryimage\",\"url\":\"https:\\\/\\\/belectric.com\\\/wp-content\\\/uploads\\\/2025\\\/09\\\/2.jpg\",\"contentUrl\":\"https:\\\/\\\/belectric.com\\\/wp-content\\\/uploads\\\/2025\\\/09\\\/2.jpg\",\"width\":1080,\"height\":1350,\"caption\":\"Staff in front of the exhibition stand\"},{\"@type\":\"BreadcrumbList\",\"@id\":\"https:\\\/\\\/belectric.com\\\/de\\\/zwei-der-niederlandischen-solarparks-die-wir-mit-unserem-partner-low-carbon-gebaut-haben-werden-zu-lebenden-laboren%f0%9f%94%ac%f0%9f%8c%b1\\\/#breadcrumb\",\"itemListElement\":[{\"@type\":\"ListItem\",\"position\":1,\"name\":\"Startseite\",\"item\":\"https:\\\/\\\/belectric.com\\\/de\\\/\"},{\"@type\":\"ListItem\",\"position\":2,\"name\":\"Birmingham, das war gro\u00dfartig! \ud83e\udd29\"}]},{\"@type\":\"WebSite\",\"@id\":\"https:\\\/\\\/belectric.com\\\/de\\\/#website\",\"url\":\"https:\\\/\\\/belectric.com\\\/de\\\/\",\"name\":\"BELECTRIC\",\"description\":\"360\u00b0 solution for ground-mounted solar power plants\",\"publisher\":{\"@id\":\"https:\\\/\\\/belectric.com\\\/de\\\/#organization\"},\"potentialAction\":[{\"@type\":\"SearchAction\",\"target\":{\"@type\":\"EntryPoint\",\"urlTemplate\":\"https:\\\/\\\/belectric.com\\\/de\\\/?s={search_term_string}\"},\"query-input\":{\"@type\":\"PropertyValueSpecification\",\"valueRequired\":true,\"valueName\":\"search_term_string\"}}],\"inLanguage\":\"de\"},{\"@type\":\"Organization\",\"@id\":\"https:\\\/\\\/belectric.com\\\/de\\\/#organization\",\"name\":\"BELECTRIC\",\"url\":\"https:\\\/\\\/belectric.com\\\/de\\\/\",\"logo\":{\"@type\":\"ImageObject\",\"inLanguage\":\"de\",\"@id\":\"https:\\\/\\\/belectric.com\\\/de\\\/#\\\/schema\\\/logo\\\/image\\\/\",\"url\":\"https:\\\/\\\/belectric.com\\\/wp-content\\\/uploads\\\/2023\\\/09\\\/belectric_member_logo_rgb.svg\",\"contentUrl\":\"https:\\\/\\\/belectric.com\\\/wp-content\\\/uploads\\\/2023\\\/09\\\/belectric_member_logo_rgb.svg\",\"width\":805,\"height\":100,\"caption\":\"BELECTRIC\"},\"image\":{\"@id\":\"https:\\\/\\\/belectric.com\\\/de\\\/#\\\/schema\\\/logo\\\/image\\\/\"},\"sameAs\":[\"https:\\\/\\\/www.facebook.com\\\/belectric.solar\\\/\",\"https:\\\/\\\/www.xing.com\\\/pages\\\/belectric\",\"https:\\\/\\\/www.linkedin.com\\\/company\\\/belectric-gmbh\\\/\",\"https:\\\/\\\/www.instagram.com\\\/belectric_solar\\\/\",\"https:\\\/\\\/www.youtube.com\\\/@BELECTRIC_GmbH\\\/videos\"]},{\"@type\":\"Person\",\"@id\":\"https:\\\/\\\/belectric.com\\\/de\\\/#\\\/schema\\\/person\\\/94786ee6b14c79511ccba13965a59135\",\"name\":\"Larissa Schmitt\"}]}<\/script>\n<!-- \/ Yoast SEO plugin. -->","yoast_head_json":{"title":"Birmingham, das war gro\u00dfartig! \ud83e\udd29 - BELECTRIC","description":"BELECTRIC war Teil der Messe Solar & Storage Live 2025 in Birmingham als Aussteller und hat sich als Unternehmen pr\u00e4sentiert.","robots":{"index":"index","follow":"follow","max-snippet":"max-snippet:-1","max-image-preview":"max-image-preview:large","max-video-preview":"max-video-preview:-1"},"canonical":"https:\/\/belectric.com\/de\/zwei-der-niederlandischen-solarparks-die-wir-mit-unserem-partner-low-carbon-gebaut-haben-werden-zu-lebenden-laboren%f0%9f%94%ac%f0%9f%8c%b1\/","og_locale":"de_DE","og_type":"article","og_title":"Birmingham, das war gro\u00dfartig! \ud83e\udd29 - BELECTRIC","og_description":"BELECTRIC war Teil der Messe Solar & Storage Live 2025 in Birmingham als Aussteller und hat sich als Unternehmen pr\u00e4sentiert.","og_url":"https:\/\/belectric.com\/de\/zwei-der-niederlandischen-solarparks-die-wir-mit-unserem-partner-low-carbon-gebaut-haben-werden-zu-lebenden-laboren%f0%9f%94%ac%f0%9f%8c%b1\/","og_site_name":"BELECTRIC","article_publisher":"https:\/\/www.facebook.com\/belectric.solar\/","article_published_time":"2025-09-25T15:49:48+00:00","article_modified_time":"2025-09-25T15:58:42+00:00","og_image":[{"width":1080,"height":1350,"url":"https:\/\/belectric.com\/wp-content\/uploads\/2025\/09\/2.jpg","type":"image\/jpeg"}],"author":"Larissa Schmitt","twitter_card":"summary_large_image","twitter_misc":{"Verfasst von":"Larissa Schmitt","Gesch\u00e4tzte Lesezeit":"3\u00a0Minuten"},"schema":{"@context":"https:\/\/schema.org","@graph":[{"@type":"Article","@id":"https:\/\/belectric.com\/de\/zwei-der-niederlandischen-solarparks-die-wir-mit-unserem-partner-low-carbon-gebaut-haben-werden-zu-lebenden-laboren%f0%9f%94%ac%f0%9f%8c%b1\/#article","isPartOf":{"@id":"https:\/\/belectric.com\/de\/zwei-der-niederlandischen-solarparks-die-wir-mit-unserem-partner-low-carbon-gebaut-haben-werden-zu-lebenden-laboren%f0%9f%94%ac%f0%9f%8c%b1\/"},"author":{"name":"Larissa Schmitt","@id":"https:\/\/belectric.com\/de\/#\/schema\/person\/94786ee6b14c79511ccba13965a59135"},"headline":"Birmingham, das war gro\u00dfartig! \ud83e\udd29","datePublished":"2025-09-25T15:49:48+00:00","dateModified":"2025-09-25T15:58:42+00:00","mainEntityOfPage":{"@id":"https:\/\/belectric.com\/de\/zwei-der-niederlandischen-solarparks-die-wir-mit-unserem-partner-low-carbon-gebaut-haben-werden-zu-lebenden-laboren%f0%9f%94%ac%f0%9f%8c%b1\/"},"wordCount":141,"publisher":{"@id":"https:\/\/belectric.com\/de\/#organization"},"image":{"@id":"https:\/\/belectric.com\/de\/zwei-der-niederlandischen-solarparks-die-wir-mit-unserem-partner-low-carbon-gebaut-haben-werden-zu-lebenden-laboren%f0%9f%94%ac%f0%9f%8c%b1\/#primaryimage"},"thumbnailUrl":"https:\/\/belectric.com\/wp-content\/uploads\/2025\/09\/2.jpg","articleSection":["Social Media Wall"],"inLanguage":"de"},{"@type":"WebPage","@id":"https:\/\/belectric.com\/de\/zwei-der-niederlandischen-solarparks-die-wir-mit-unserem-partner-low-carbon-gebaut-haben-werden-zu-lebenden-laboren%f0%9f%94%ac%f0%9f%8c%b1\/","url":"https:\/\/belectric.com\/de\/zwei-der-niederlandischen-solarparks-die-wir-mit-unserem-partner-low-carbon-gebaut-haben-werden-zu-lebenden-laboren%f0%9f%94%ac%f0%9f%8c%b1\/","name":"Birmingham, das war gro\u00dfartig! \ud83e\udd29 - BELECTRIC","isPartOf":{"@id":"https:\/\/belectric.com\/de\/#website"},"primaryImageOfPage":{"@id":"https:\/\/belectric.com\/de\/zwei-der-niederlandischen-solarparks-die-wir-mit-unserem-partner-low-carbon-gebaut-haben-werden-zu-lebenden-laboren%f0%9f%94%ac%f0%9f%8c%b1\/#primaryimage"},"image":{"@id":"https:\/\/belectric.com\/de\/zwei-der-niederlandischen-solarparks-die-wir-mit-unserem-partner-low-carbon-gebaut-haben-werden-zu-lebenden-laboren%f0%9f%94%ac%f0%9f%8c%b1\/#primaryimage"},"thumbnailUrl":"https:\/\/belectric.com\/wp-content\/uploads\/2025\/09\/2.jpg","datePublished":"2025-09-25T15:49:48+00:00","dateModified":"2025-09-25T15:58:42+00:00","description":"BELECTRIC war Teil der Messe Solar & Storage Live 2025 in Birmingham als Aussteller und hat sich als Unternehmen pr\u00e4sentiert.","breadcrumb":{"@id":"https:\/\/belectric.com\/de\/zwei-der-niederlandischen-solarparks-die-wir-mit-unserem-partner-low-carbon-gebaut-haben-werden-zu-lebenden-laboren%f0%9f%94%ac%f0%9f%8c%b1\/#breadcrumb"},"inLanguage":"de","potentialAction":[{"@type":"ReadAction","target":["https:\/\/belectric.com\/de\/zwei-der-niederlandischen-solarparks-die-wir-mit-unserem-partner-low-carbon-gebaut-haben-werden-zu-lebenden-laboren%f0%9f%94%ac%f0%9f%8c%b1\/"]}]},{"@type":"ImageObject","inLanguage":"de","@id":"https:\/\/belectric.com\/de\/zwei-der-niederlandischen-solarparks-die-wir-mit-unserem-partner-low-carbon-gebaut-haben-werden-zu-lebenden-laboren%f0%9f%94%ac%f0%9f%8c%b1\/#primaryimage","url":"https:\/\/belectric.com\/wp-content\/uploads\/2025\/09\/2.jpg","contentUrl":"https:\/\/belectric.com\/wp-content\/uploads\/2025\/09\/2.jpg","width":1080,"height":1350,"caption":"Staff in front of the exhibition stand"},{"@type":"BreadcrumbList","@id":"https:\/\/belectric.com\/de\/zwei-der-niederlandischen-solarparks-die-wir-mit-unserem-partner-low-carbon-gebaut-haben-werden-zu-lebenden-laboren%f0%9f%94%ac%f0%9f%8c%b1\/#breadcrumb","itemListElement":[{"@type":"ListItem","position":1,"name":"Startseite","item":"https:\/\/belectric.com\/de\/"},{"@type":"ListItem","position":2,"name":"Birmingham, das war gro\u00dfartig! \ud83e\udd29"}]},{"@type":"WebSite","@id":"https:\/\/belectric.com\/de\/#website","url":"https:\/\/belectric.com\/de\/","name":"BELECTRIC","description":"360\u00b0 solution for ground-mounted solar power plants","publisher":{"@id":"https:\/\/belectric.com\/de\/#organization"},"potentialAction":[{"@type":"SearchAction","target":{"@type":"EntryPoint","urlTemplate":"https:\/\/belectric.com\/de\/?s={search_term_string}"},"query-input":{"@type":"PropertyValueSpecification","valueRequired":true,"valueName":"search_term_string"}}],"inLanguage":"de"},{"@type":"Organization","@id":"https:\/\/belectric.com\/de\/#organization","name":"BELECTRIC","url":"https:\/\/belectric.com\/de\/","logo":{"@type":"ImageObject","inLanguage":"de","@id":"https:\/\/belectric.com\/de\/#\/schema\/logo\/image\/","url":"https:\/\/belectric.com\/wp-content\/uploads\/2023\/09\/belectric_member_logo_rgb.svg","contentUrl":"https:\/\/belectric.com\/wp-content\/uploads\/2023\/09\/belectric_member_logo_rgb.svg","width":805,"height":100,"caption":"BELECTRIC"},"image":{"@id":"https:\/\/belectric.com\/de\/#\/schema\/logo\/image\/"},"sameAs":["https:\/\/www.facebook.com\/belectric.solar\/","https:\/\/www.xing.com\/pages\/belectric","https:\/\/www.linkedin.com\/company\/belectric-gmbh\/","https:\/\/www.instagram.com\/belectric_solar\/","https:\/\/www.youtube.com\/@BELECTRIC_GmbH\/videos"]},{"@type":"Person","@id":"https:\/\/belectric.com\/de\/#\/schema\/person\/94786ee6b14c79511ccba13965a59135","name":"Larissa Schmitt"}]}},"_links":{"self":[{"href":"https:\/\/belectric.com\/de\/wp-json\/wp\/v2\/posts\/14398","targetHints":{"allow":["GET"]}}],"collection":[{"href":"https:\/\/belectric.com\/de\/wp-json\/wp\/v2\/posts"}],"about":[{"href":"https:\/\/belectric.com\/de\/wp-json\/wp\/v2\/types\/post"}],"author":[{"embeddable":true,"href":"https:\/\/belectric.com\/de\/wp-json\/wp\/v2\/users\/12"}],"replies":[{"embeddable":true,"href":"https:\/\/belectric.com\/de\/wp-json\/wp\/v2\/comments?post=14398"}],"version-history":[{"count":3,"href":"https:\/\/belectric.com\/de\/wp-json\/wp\/v2\/posts\/14398\/revisions"}],"predecessor-version":[{"id":14445,"href":"https:\/\/belectric.com\/de\/wp-json\/wp\/v2\/posts\/14398\/revisions\/14445"}],"wp:featuredmedia":[{"embeddable":true,"href":"https:\/\/belectric.com\/de\/wp-json\/wp\/v2\/media\/14407"}],"wp:attachment":[{"href":"https:\/\/belectric.com\/de\/wp-json\/wp\/v2\/media?parent=14398"}],"wp:term":[{"taxonomy":"category","embeddable":true,"href":"https:\/\/belectric.com\/de\/wp-json\/wp\/v2\/categories?post=14398"},{"taxonomy":"post_tag","embeddable":true,"href":"https:\/\/belectric.com\/de\/wp-json\/wp\/v2\/tags?post=14398"}],"curies":[{"name":"wp","href":"https:\/\/api.w.org\/{rel}","templated":true}]}}