{"id":8814,"date":"2024-11-26T10:37:16","date_gmt":"2024-11-26T09:37:16","guid":{"rendered":"https:\/\/www.belectric-relaunch.srv-3wm-007.de\/?p=8814"},"modified":"2025-03-27T13:36:24","modified_gmt":"2025-03-27T12:36:24","slug":"den-herausforderungen-der-branche-gehoer-verschaffen-akademie-fuer-raumentwicklung-zu-besuch-%f0%9f%93%a3%e2%98%80%ef%b8%8f%f0%9f%a4%9d","status":"publish","type":"post","link":"https:\/\/belectric.com\/de\/den-herausforderungen-der-branche-gehoer-verschaffen-akademie-fuer-raumentwicklung-zu-besuch-%f0%9f%93%a3%e2%98%80%ef%b8%8f%f0%9f%a4%9d\/","title":{"rendered":"Den Herausforderungen der Branche Geh\u00f6r verschaffen: Akademie f\u00fcr Raumentwicklung zu Besuch \ud83d\udce3\u2600\ufe0f\ud83e\udd1d"},"content":{"rendered":"\n<p>In der vergangenen Woche durften wir die Akademie f\u00fcr Raumentwicklung (ARL) in der Leibniz-Gemeinschaft im Rahmen ihrer bundesweiten Fachtagung bei uns im Unternehmen willkommen hei\u00dfen. Mit von der Partie war auch Franz-Josef Sauer, B\u00fcrgermeister der Stadt Arnstein.<\/p>\n\n\n\n<p>Die Akademie vereint Wissenschaft und Praxis und erforscht Themen rund um Landes- und Regionalplanung, woraus sich auch Planungs- und Standortvorgaben f\u00fcr unsere Solarparks ableiten. \u2600\ufe0f\ud83d\udcdc<\/p>\n\n\n\n<p>Nach einer Begr\u00fc\u00dfung durch unseren CEO Thorsten Blanke f\u00fchrten wir die G\u00e4ste \u00fcber unseren hauseigenen Solarpark sowie durch den Control Room in unserem O&amp;M. Ein weiteres Herzst\u00fcck Herzst\u00fcck des Besuchs war dann eine Diskussionsrunde zwischen der ARL und unserer Projektentwicklung rund um die Herausforderungen von Photovoltaik-Projektierern wie BELECTRIC. &nbsp;<\/p>\n\n\n\n<p>Wir freuen uns \u00fcber das rege Interesse der ARL und dass wir den Bed\u00fcrfnissen und H\u00fcrden in der Solarbranche vor ihren Vetreter*innen Geh\u00f6r verschaffen konnten! \ud83e\udd1d<\/p>\n\n\n\n<figure class=\"wp-block-image size-large\"><img loading=\"lazy\" decoding=\"async\" width=\"1024\" height=\"806\" src=\"https:\/\/belectric.com\/wp-content\/uploads\/2024\/11\/241126_ARL-Besuch-1024x806.jpg\" alt=\"\" class=\"wp-image-8822\" srcset=\"https:\/\/belectric.com\/wp-content\/uploads\/2024\/11\/241126_ARL-Besuch-1024x806.jpg 1024w, https:\/\/belectric.com\/wp-content\/uploads\/2024\/11\/241126_ARL-Besuch-300x236.jpg 300w, https:\/\/belectric.com\/wp-content\/uploads\/2024\/11\/241126_ARL-Besuch-768x605.jpg 768w, https:\/\/belectric.com\/wp-content\/uploads\/2024\/11\/241126_ARL-Besuch-1536x1209.jpg 1536w, https:\/\/belectric.com\/wp-content\/uploads\/2024\/11\/241126_ARL-Besuch-2048x1612.jpg 2048w, https:\/\/belectric.com\/wp-content\/uploads\/2024\/11\/241126_ARL-Besuch-scaled.jpg 1920w\" sizes=\"auto, (max-width: 1024px) 100vw, 1024px\" \/><\/figure>\n\n\n\n<figure class=\"wp-block-image size-large\"><img loading=\"lazy\" decoding=\"async\" width=\"1024\" height=\"807\" src=\"https:\/\/belectric.com\/wp-content\/uploads\/2024\/11\/241126_ARL-Besuch_03-1-1024x807.jpg\" alt=\"\" class=\"wp-image-8816\" srcset=\"https:\/\/belectric.com\/wp-content\/uploads\/2024\/11\/241126_ARL-Besuch_03-1-1024x807.jpg 1024w, https:\/\/belectric.com\/wp-content\/uploads\/2024\/11\/241126_ARL-Besuch_03-1-300x236.jpg 300w, https:\/\/belectric.com\/wp-content\/uploads\/2024\/11\/241126_ARL-Besuch_03-1-768x605.jpg 768w, https:\/\/belectric.com\/wp-content\/uploads\/2024\/11\/241126_ARL-Besuch_03-1-1536x1210.jpg 1536w, https:\/\/belectric.com\/wp-content\/uploads\/2024\/11\/241126_ARL-Besuch_03-1-2048x1613.jpg 2048w, https:\/\/belectric.com\/wp-content\/uploads\/2024\/11\/241126_ARL-Besuch_03-1.jpg 1920w\" sizes=\"auto, (max-width: 1024px) 100vw, 1024px\" \/><\/figure>\n\n\n\n<figure class=\"wp-block-image size-large\"><img loading=\"lazy\" decoding=\"async\" width=\"1024\" height=\"807\" src=\"https:\/\/belectric.com\/wp-content\/uploads\/2024\/11\/241126_ARL-Besuch_02-1024x807.jpg\" alt=\"\" class=\"wp-image-8828\" srcset=\"https:\/\/belectric.com\/wp-content\/uploads\/2024\/11\/241126_ARL-Besuch_02-1024x807.jpg 1024w, https:\/\/belectric.com\/wp-content\/uploads\/2024\/11\/241126_ARL-Besuch_02-300x236.jpg 300w, https:\/\/belectric.com\/wp-content\/uploads\/2024\/11\/241126_ARL-Besuch_02-768x605.jpg 768w, https:\/\/belectric.com\/wp-content\/uploads\/2024\/11\/241126_ARL-Besuch_02-1536x1210.jpg 1536w, https:\/\/belectric.com\/wp-content\/uploads\/2024\/11\/241126_ARL-Besuch_02-2048x1613.jpg 2048w, https:\/\/belectric.com\/wp-content\/uploads\/2024\/11\/241126_ARL-Besuch_02.jpg 1920w\" sizes=\"auto, (max-width: 1024px) 100vw, 1024px\" \/><\/figure>\n","protected":false},"excerpt":{"rendered":"<p>In der vergangenen Woche durften wir die Akademie f\u00fcr Raumentwicklung (ARL) in der Leibniz-Gemeinschaft im Rahmen ihrer bundesweiten Fachtagung bei uns im Unternehmen willkommen hei\u00dfen. Mit von der Partie war auch Franz-Josef Sauer, B\u00fcrgermeister der Stadt Arnstein. Die Akademie vereint Wissenschaft und Praxis und erforscht Themen rund um Landes- und Regionalplanung, woraus sich auch Planungs-&#8230;<\/p>\n","protected":false},"author":4,"featured_media":8822,"comment_status":"closed","ping_status":"closed","sticky":false,"template":"","format":"standard","meta":{"_acf_changed":false,"footnotes":""},"categories":[102],"tags":[],"class_list":["post-8814","post","type-post","status-publish","format-standard","has-post-thumbnail","hentry","category-social-media-wall-de"],"acf":[],"yoast_head":"<!-- This site is optimized with the Yoast SEO plugin v27.5 - https:\/\/yoast.com\/product\/yoast-seo-wordpress\/ -->\n<title>Akademie f\u00fcr Raumentwicklung zu Besuch \u2600\ufe0f\ud83e\udd1d - BELECTRIC<\/title>\n<meta name=\"description\" content=\"Besuch bei BELECTRIC! Die Akademie f\u00fcr Raumentwicklung der Leibnizgemeinschaft besuchte BELECTRIC im Rahmen einer bundesweiten Fachtagung.\" \/>\n<meta name=\"robots\" content=\"index, follow, max-snippet:-1, max-image-preview:large, max-video-preview:-1\" \/>\n<link rel=\"canonical\" href=\"https:\/\/belectric.com\/de\/den-herausforderungen-der-branche-gehoer-verschaffen-akademie-fuer-raumentwicklung-zu-besuch-%f0%9f%93%a3%e2%98%80%ef%b8%8f%f0%9f%a4%9d\/\" \/>\n<meta property=\"og:locale\" content=\"de_DE\" \/>\n<meta property=\"og:type\" content=\"article\" \/>\n<meta property=\"og:title\" content=\"Akademie f\u00fcr Raumentwicklung zu Besuch \u2600\ufe0f\ud83e\udd1d - BELECTRIC\" \/>\n<meta property=\"og:description\" content=\"Besuch bei BELECTRIC! Die Akademie f\u00fcr Raumentwicklung der Leibnizgemeinschaft besuchte BELECTRIC im Rahmen einer bundesweiten Fachtagung.\" \/>\n<meta property=\"og:url\" content=\"https:\/\/belectric.com\/de\/den-herausforderungen-der-branche-gehoer-verschaffen-akademie-fuer-raumentwicklung-zu-besuch-%f0%9f%93%a3%e2%98%80%ef%b8%8f%f0%9f%a4%9d\/\" \/>\n<meta property=\"og:site_name\" content=\"BELECTRIC\" \/>\n<meta property=\"article:publisher\" content=\"https:\/\/www.facebook.com\/belectric.solar\/\" \/>\n<meta property=\"article:published_time\" content=\"2024-11-26T09:37:16+00:00\" \/>\n<meta property=\"article:modified_time\" content=\"2025-03-27T12:36:24+00:00\" \/>\n<meta property=\"og:image\" content=\"https:\/\/belectric.com\/wp-content\/uploads\/2024\/11\/241126_ARL-Besuch-scaled.jpg\" \/>\n\t<meta property=\"og:image:width\" content=\"1920\" \/>\n\t<meta property=\"og:image:height\" content=\"1511\" \/>\n\t<meta property=\"og:image:type\" content=\"image\/jpeg\" \/>\n<meta name=\"author\" content=\"Luisa M\u00fcller\" \/>\n<meta name=\"twitter:card\" content=\"summary_large_image\" \/>\n<meta name=\"twitter:label1\" content=\"Verfasst von\" \/>\n\t<meta name=\"twitter:data1\" content=\"Luisa M\u00fcller\" \/>\n\t<meta name=\"twitter:label2\" content=\"Gesch\u00e4tzte Lesezeit\" \/>\n\t<meta name=\"twitter:data2\" content=\"2\u00a0Minuten\" \/>\n<script type=\"application\/ld+json\" class=\"yoast-schema-graph\">{\"@context\":\"https:\\\/\\\/schema.org\",\"@graph\":[{\"@type\":\"Article\",\"@id\":\"https:\\\/\\\/belectric.com\\\/de\\\/den-herausforderungen-der-branche-gehoer-verschaffen-akademie-fuer-raumentwicklung-zu-besuch-%f0%9f%93%a3%e2%98%80%ef%b8%8f%f0%9f%a4%9d\\\/#article\",\"isPartOf\":{\"@id\":\"https:\\\/\\\/belectric.com\\\/de\\\/den-herausforderungen-der-branche-gehoer-verschaffen-akademie-fuer-raumentwicklung-zu-besuch-%f0%9f%93%a3%e2%98%80%ef%b8%8f%f0%9f%a4%9d\\\/\"},\"author\":{\"name\":\"Luisa M\u00fcller\",\"@id\":\"https:\\\/\\\/belectric.com\\\/de\\\/#\\\/schema\\\/person\\\/b526d8f3aef97a0d417f672f63abe647\"},\"headline\":\"Den Herausforderungen der Branche Geh\u00f6r verschaffen: Akademie f\u00fcr Raumentwicklung zu Besuch \ud83d\udce3\u2600\ufe0f\ud83e\udd1d\",\"datePublished\":\"2024-11-26T09:37:16+00:00\",\"dateModified\":\"2025-03-27T12:36:24+00:00\",\"mainEntityOfPage\":{\"@id\":\"https:\\\/\\\/belectric.com\\\/de\\\/den-herausforderungen-der-branche-gehoer-verschaffen-akademie-fuer-raumentwicklung-zu-besuch-%f0%9f%93%a3%e2%98%80%ef%b8%8f%f0%9f%a4%9d\\\/\"},\"wordCount\":163,\"publisher\":{\"@id\":\"https:\\\/\\\/belectric.com\\\/de\\\/#organization\"},\"image\":{\"@id\":\"https:\\\/\\\/belectric.com\\\/de\\\/den-herausforderungen-der-branche-gehoer-verschaffen-akademie-fuer-raumentwicklung-zu-besuch-%f0%9f%93%a3%e2%98%80%ef%b8%8f%f0%9f%a4%9d\\\/#primaryimage\"},\"thumbnailUrl\":\"https:\\\/\\\/belectric.com\\\/wp-content\\\/uploads\\\/2024\\\/11\\\/241126_ARL-Besuch-scaled.jpg\",\"articleSection\":[\"Social Media Wall\"],\"inLanguage\":\"de\"},{\"@type\":\"WebPage\",\"@id\":\"https:\\\/\\\/belectric.com\\\/de\\\/den-herausforderungen-der-branche-gehoer-verschaffen-akademie-fuer-raumentwicklung-zu-besuch-%f0%9f%93%a3%e2%98%80%ef%b8%8f%f0%9f%a4%9d\\\/\",\"url\":\"https:\\\/\\\/belectric.com\\\/de\\\/den-herausforderungen-der-branche-gehoer-verschaffen-akademie-fuer-raumentwicklung-zu-besuch-%f0%9f%93%a3%e2%98%80%ef%b8%8f%f0%9f%a4%9d\\\/\",\"name\":\"Akademie f\u00fcr Raumentwicklung zu Besuch \u2600\ufe0f\ud83e\udd1d - BELECTRIC\",\"isPartOf\":{\"@id\":\"https:\\\/\\\/belectric.com\\\/de\\\/#website\"},\"primaryImageOfPage\":{\"@id\":\"https:\\\/\\\/belectric.com\\\/de\\\/den-herausforderungen-der-branche-gehoer-verschaffen-akademie-fuer-raumentwicklung-zu-besuch-%f0%9f%93%a3%e2%98%80%ef%b8%8f%f0%9f%a4%9d\\\/#primaryimage\"},\"image\":{\"@id\":\"https:\\\/\\\/belectric.com\\\/de\\\/den-herausforderungen-der-branche-gehoer-verschaffen-akademie-fuer-raumentwicklung-zu-besuch-%f0%9f%93%a3%e2%98%80%ef%b8%8f%f0%9f%a4%9d\\\/#primaryimage\"},\"thumbnailUrl\":\"https:\\\/\\\/belectric.com\\\/wp-content\\\/uploads\\\/2024\\\/11\\\/241126_ARL-Besuch-scaled.jpg\",\"datePublished\":\"2024-11-26T09:37:16+00:00\",\"dateModified\":\"2025-03-27T12:36:24+00:00\",\"description\":\"Besuch bei BELECTRIC! Die Akademie f\u00fcr Raumentwicklung der Leibnizgemeinschaft besuchte BELECTRIC im Rahmen einer bundesweiten Fachtagung.\",\"breadcrumb\":{\"@id\":\"https:\\\/\\\/belectric.com\\\/de\\\/den-herausforderungen-der-branche-gehoer-verschaffen-akademie-fuer-raumentwicklung-zu-besuch-%f0%9f%93%a3%e2%98%80%ef%b8%8f%f0%9f%a4%9d\\\/#breadcrumb\"},\"inLanguage\":\"de\",\"potentialAction\":[{\"@type\":\"ReadAction\",\"target\":[\"https:\\\/\\\/belectric.com\\\/de\\\/den-herausforderungen-der-branche-gehoer-verschaffen-akademie-fuer-raumentwicklung-zu-besuch-%f0%9f%93%a3%e2%98%80%ef%b8%8f%f0%9f%a4%9d\\\/\"]}]},{\"@type\":\"ImageObject\",\"inLanguage\":\"de\",\"@id\":\"https:\\\/\\\/belectric.com\\\/de\\\/den-herausforderungen-der-branche-gehoer-verschaffen-akademie-fuer-raumentwicklung-zu-besuch-%f0%9f%93%a3%e2%98%80%ef%b8%8f%f0%9f%a4%9d\\\/#primaryimage\",\"url\":\"https:\\\/\\\/belectric.com\\\/wp-content\\\/uploads\\\/2024\\\/11\\\/241126_ARL-Besuch-scaled.jpg\",\"contentUrl\":\"https:\\\/\\\/belectric.com\\\/wp-content\\\/uploads\\\/2024\\\/11\\\/241126_ARL-Besuch-scaled.jpg\",\"width\":1920,\"height\":1511},{\"@type\":\"BreadcrumbList\",\"@id\":\"https:\\\/\\\/belectric.com\\\/de\\\/den-herausforderungen-der-branche-gehoer-verschaffen-akademie-fuer-raumentwicklung-zu-besuch-%f0%9f%93%a3%e2%98%80%ef%b8%8f%f0%9f%a4%9d\\\/#breadcrumb\",\"itemListElement\":[{\"@type\":\"ListItem\",\"position\":1,\"name\":\"Startseite\",\"item\":\"https:\\\/\\\/belectric.com\\\/de\\\/\"},{\"@type\":\"ListItem\",\"position\":2,\"name\":\"Den Herausforderungen der Branche Geh\u00f6r verschaffen: Akademie f\u00fcr Raumentwicklung zu Besuch \ud83d\udce3\u2600\ufe0f\ud83e\udd1d\"}]},{\"@type\":\"WebSite\",\"@id\":\"https:\\\/\\\/belectric.com\\\/de\\\/#website\",\"url\":\"https:\\\/\\\/belectric.com\\\/de\\\/\",\"name\":\"BELECTRIC\",\"description\":\"360\u00b0 solution for ground-mounted solar power plants\",\"publisher\":{\"@id\":\"https:\\\/\\\/belectric.com\\\/de\\\/#organization\"},\"potentialAction\":[{\"@type\":\"SearchAction\",\"target\":{\"@type\":\"EntryPoint\",\"urlTemplate\":\"https:\\\/\\\/belectric.com\\\/de\\\/?s={search_term_string}\"},\"query-input\":{\"@type\":\"PropertyValueSpecification\",\"valueRequired\":true,\"valueName\":\"search_term_string\"}}],\"inLanguage\":\"de\"},{\"@type\":\"Organization\",\"@id\":\"https:\\\/\\\/belectric.com\\\/de\\\/#organization\",\"name\":\"BELECTRIC\",\"url\":\"https:\\\/\\\/belectric.com\\\/de\\\/\",\"logo\":{\"@type\":\"ImageObject\",\"inLanguage\":\"de\",\"@id\":\"https:\\\/\\\/belectric.com\\\/de\\\/#\\\/schema\\\/logo\\\/image\\\/\",\"url\":\"https:\\\/\\\/belectric.com\\\/wp-content\\\/uploads\\\/2023\\\/09\\\/belectric_member_logo_rgb.svg\",\"contentUrl\":\"https:\\\/\\\/belectric.com\\\/wp-content\\\/uploads\\\/2023\\\/09\\\/belectric_member_logo_rgb.svg\",\"width\":805,\"height\":100,\"caption\":\"BELECTRIC\"},\"image\":{\"@id\":\"https:\\\/\\\/belectric.com\\\/de\\\/#\\\/schema\\\/logo\\\/image\\\/\"},\"sameAs\":[\"https:\\\/\\\/www.facebook.com\\\/belectric.solar\\\/\",\"https:\\\/\\\/www.xing.com\\\/pages\\\/belectric\",\"https:\\\/\\\/www.linkedin.com\\\/company\\\/belectric-gmbh\\\/\",\"https:\\\/\\\/www.instagram.com\\\/belectric_solar\\\/\",\"https:\\\/\\\/www.youtube.com\\\/@BELECTRIC_GmbH\\\/videos\"]},{\"@type\":\"Person\",\"@id\":\"https:\\\/\\\/belectric.com\\\/de\\\/#\\\/schema\\\/person\\\/b526d8f3aef97a0d417f672f63abe647\",\"name\":\"Luisa M\u00fcller\"}]}<\/script>\n<!-- \/ Yoast SEO plugin. -->","yoast_head_json":{"title":"Akademie f\u00fcr Raumentwicklung zu Besuch \u2600\ufe0f\ud83e\udd1d - BELECTRIC","description":"Besuch bei BELECTRIC! Die Akademie f\u00fcr Raumentwicklung der Leibnizgemeinschaft besuchte BELECTRIC im Rahmen einer bundesweiten Fachtagung.","robots":{"index":"index","follow":"follow","max-snippet":"max-snippet:-1","max-image-preview":"max-image-preview:large","max-video-preview":"max-video-preview:-1"},"canonical":"https:\/\/belectric.com\/de\/den-herausforderungen-der-branche-gehoer-verschaffen-akademie-fuer-raumentwicklung-zu-besuch-%f0%9f%93%a3%e2%98%80%ef%b8%8f%f0%9f%a4%9d\/","og_locale":"de_DE","og_type":"article","og_title":"Akademie f\u00fcr Raumentwicklung zu Besuch \u2600\ufe0f\ud83e\udd1d - BELECTRIC","og_description":"Besuch bei BELECTRIC! Die Akademie f\u00fcr Raumentwicklung der Leibnizgemeinschaft besuchte BELECTRIC im Rahmen einer bundesweiten Fachtagung.","og_url":"https:\/\/belectric.com\/de\/den-herausforderungen-der-branche-gehoer-verschaffen-akademie-fuer-raumentwicklung-zu-besuch-%f0%9f%93%a3%e2%98%80%ef%b8%8f%f0%9f%a4%9d\/","og_site_name":"BELECTRIC","article_publisher":"https:\/\/www.facebook.com\/belectric.solar\/","article_published_time":"2024-11-26T09:37:16+00:00","article_modified_time":"2025-03-27T12:36:24+00:00","og_image":[{"width":1920,"height":1511,"url":"https:\/\/belectric.com\/wp-content\/uploads\/2024\/11\/241126_ARL-Besuch-scaled.jpg","type":"image\/jpeg"}],"author":"Luisa M\u00fcller","twitter_card":"summary_large_image","twitter_misc":{"Verfasst von":"Luisa M\u00fcller","Gesch\u00e4tzte Lesezeit":"2\u00a0Minuten"},"schema":{"@context":"https:\/\/schema.org","@graph":[{"@type":"Article","@id":"https:\/\/belectric.com\/de\/den-herausforderungen-der-branche-gehoer-verschaffen-akademie-fuer-raumentwicklung-zu-besuch-%f0%9f%93%a3%e2%98%80%ef%b8%8f%f0%9f%a4%9d\/#article","isPartOf":{"@id":"https:\/\/belectric.com\/de\/den-herausforderungen-der-branche-gehoer-verschaffen-akademie-fuer-raumentwicklung-zu-besuch-%f0%9f%93%a3%e2%98%80%ef%b8%8f%f0%9f%a4%9d\/"},"author":{"name":"Luisa M\u00fcller","@id":"https:\/\/belectric.com\/de\/#\/schema\/person\/b526d8f3aef97a0d417f672f63abe647"},"headline":"Den Herausforderungen der Branche Geh\u00f6r verschaffen: Akademie f\u00fcr Raumentwicklung zu Besuch \ud83d\udce3\u2600\ufe0f\ud83e\udd1d","datePublished":"2024-11-26T09:37:16+00:00","dateModified":"2025-03-27T12:36:24+00:00","mainEntityOfPage":{"@id":"https:\/\/belectric.com\/de\/den-herausforderungen-der-branche-gehoer-verschaffen-akademie-fuer-raumentwicklung-zu-besuch-%f0%9f%93%a3%e2%98%80%ef%b8%8f%f0%9f%a4%9d\/"},"wordCount":163,"publisher":{"@id":"https:\/\/belectric.com\/de\/#organization"},"image":{"@id":"https:\/\/belectric.com\/de\/den-herausforderungen-der-branche-gehoer-verschaffen-akademie-fuer-raumentwicklung-zu-besuch-%f0%9f%93%a3%e2%98%80%ef%b8%8f%f0%9f%a4%9d\/#primaryimage"},"thumbnailUrl":"https:\/\/belectric.com\/wp-content\/uploads\/2024\/11\/241126_ARL-Besuch-scaled.jpg","articleSection":["Social Media Wall"],"inLanguage":"de"},{"@type":"WebPage","@id":"https:\/\/belectric.com\/de\/den-herausforderungen-der-branche-gehoer-verschaffen-akademie-fuer-raumentwicklung-zu-besuch-%f0%9f%93%a3%e2%98%80%ef%b8%8f%f0%9f%a4%9d\/","url":"https:\/\/belectric.com\/de\/den-herausforderungen-der-branche-gehoer-verschaffen-akademie-fuer-raumentwicklung-zu-besuch-%f0%9f%93%a3%e2%98%80%ef%b8%8f%f0%9f%a4%9d\/","name":"Akademie f\u00fcr Raumentwicklung zu Besuch \u2600\ufe0f\ud83e\udd1d - BELECTRIC","isPartOf":{"@id":"https:\/\/belectric.com\/de\/#website"},"primaryImageOfPage":{"@id":"https:\/\/belectric.com\/de\/den-herausforderungen-der-branche-gehoer-verschaffen-akademie-fuer-raumentwicklung-zu-besuch-%f0%9f%93%a3%e2%98%80%ef%b8%8f%f0%9f%a4%9d\/#primaryimage"},"image":{"@id":"https:\/\/belectric.com\/de\/den-herausforderungen-der-branche-gehoer-verschaffen-akademie-fuer-raumentwicklung-zu-besuch-%f0%9f%93%a3%e2%98%80%ef%b8%8f%f0%9f%a4%9d\/#primaryimage"},"thumbnailUrl":"https:\/\/belectric.com\/wp-content\/uploads\/2024\/11\/241126_ARL-Besuch-scaled.jpg","datePublished":"2024-11-26T09:37:16+00:00","dateModified":"2025-03-27T12:36:24+00:00","description":"Besuch bei BELECTRIC! Die Akademie f\u00fcr Raumentwicklung der Leibnizgemeinschaft besuchte BELECTRIC im Rahmen einer bundesweiten Fachtagung.","breadcrumb":{"@id":"https:\/\/belectric.com\/de\/den-herausforderungen-der-branche-gehoer-verschaffen-akademie-fuer-raumentwicklung-zu-besuch-%f0%9f%93%a3%e2%98%80%ef%b8%8f%f0%9f%a4%9d\/#breadcrumb"},"inLanguage":"de","potentialAction":[{"@type":"ReadAction","target":["https:\/\/belectric.com\/de\/den-herausforderungen-der-branche-gehoer-verschaffen-akademie-fuer-raumentwicklung-zu-besuch-%f0%9f%93%a3%e2%98%80%ef%b8%8f%f0%9f%a4%9d\/"]}]},{"@type":"ImageObject","inLanguage":"de","@id":"https:\/\/belectric.com\/de\/den-herausforderungen-der-branche-gehoer-verschaffen-akademie-fuer-raumentwicklung-zu-besuch-%f0%9f%93%a3%e2%98%80%ef%b8%8f%f0%9f%a4%9d\/#primaryimage","url":"https:\/\/belectric.com\/wp-content\/uploads\/2024\/11\/241126_ARL-Besuch-scaled.jpg","contentUrl":"https:\/\/belectric.com\/wp-content\/uploads\/2024\/11\/241126_ARL-Besuch-scaled.jpg","width":1920,"height":1511},{"@type":"BreadcrumbList","@id":"https:\/\/belectric.com\/de\/den-herausforderungen-der-branche-gehoer-verschaffen-akademie-fuer-raumentwicklung-zu-besuch-%f0%9f%93%a3%e2%98%80%ef%b8%8f%f0%9f%a4%9d\/#breadcrumb","itemListElement":[{"@type":"ListItem","position":1,"name":"Startseite","item":"https:\/\/belectric.com\/de\/"},{"@type":"ListItem","position":2,"name":"Den Herausforderungen der Branche Geh\u00f6r verschaffen: Akademie f\u00fcr Raumentwicklung zu Besuch \ud83d\udce3\u2600\ufe0f\ud83e\udd1d"}]},{"@type":"WebSite","@id":"https:\/\/belectric.com\/de\/#website","url":"https:\/\/belectric.com\/de\/","name":"BELECTRIC","description":"360\u00b0 solution for ground-mounted solar power plants","publisher":{"@id":"https:\/\/belectric.com\/de\/#organization"},"potentialAction":[{"@type":"SearchAction","target":{"@type":"EntryPoint","urlTemplate":"https:\/\/belectric.com\/de\/?s={search_term_string}"},"query-input":{"@type":"PropertyValueSpecification","valueRequired":true,"valueName":"search_term_string"}}],"inLanguage":"de"},{"@type":"Organization","@id":"https:\/\/belectric.com\/de\/#organization","name":"BELECTRIC","url":"https:\/\/belectric.com\/de\/","logo":{"@type":"ImageObject","inLanguage":"de","@id":"https:\/\/belectric.com\/de\/#\/schema\/logo\/image\/","url":"https:\/\/belectric.com\/wp-content\/uploads\/2023\/09\/belectric_member_logo_rgb.svg","contentUrl":"https:\/\/belectric.com\/wp-content\/uploads\/2023\/09\/belectric_member_logo_rgb.svg","width":805,"height":100,"caption":"BELECTRIC"},"image":{"@id":"https:\/\/belectric.com\/de\/#\/schema\/logo\/image\/"},"sameAs":["https:\/\/www.facebook.com\/belectric.solar\/","https:\/\/www.xing.com\/pages\/belectric","https:\/\/www.linkedin.com\/company\/belectric-gmbh\/","https:\/\/www.instagram.com\/belectric_solar\/","https:\/\/www.youtube.com\/@BELECTRIC_GmbH\/videos"]},{"@type":"Person","@id":"https:\/\/belectric.com\/de\/#\/schema\/person\/b526d8f3aef97a0d417f672f63abe647","name":"Luisa M\u00fcller"}]}},"_links":{"self":[{"href":"https:\/\/belectric.com\/de\/wp-json\/wp\/v2\/posts\/8814","targetHints":{"allow":["GET"]}}],"collection":[{"href":"https:\/\/belectric.com\/de\/wp-json\/wp\/v2\/posts"}],"about":[{"href":"https:\/\/belectric.com\/de\/wp-json\/wp\/v2\/types\/post"}],"author":[{"embeddable":true,"href":"https:\/\/belectric.com\/de\/wp-json\/wp\/v2\/users\/4"}],"replies":[{"embeddable":true,"href":"https:\/\/belectric.com\/de\/wp-json\/wp\/v2\/comments?post=8814"}],"version-history":[{"count":2,"href":"https:\/\/belectric.com\/de\/wp-json\/wp\/v2\/posts\/8814\/revisions"}],"predecessor-version":[{"id":8836,"href":"https:\/\/belectric.com\/de\/wp-json\/wp\/v2\/posts\/8814\/revisions\/8836"}],"wp:featuredmedia":[{"embeddable":true,"href":"https:\/\/belectric.com\/de\/wp-json\/wp\/v2\/media\/8822"}],"wp:attachment":[{"href":"https:\/\/belectric.com\/de\/wp-json\/wp\/v2\/media?parent=8814"}],"wp:term":[{"taxonomy":"category","embeddable":true,"href":"https:\/\/belectric.com\/de\/wp-json\/wp\/v2\/categories?post=8814"},{"taxonomy":"post_tag","embeddable":true,"href":"https:\/\/belectric.com\/de\/wp-json\/wp\/v2\/tags?post=8814"}],"curies":[{"name":"wp","href":"https:\/\/api.w.org\/{rel}","templated":true}]}}